{"id":8683,"date":"2026-07-13T11:45:00","date_gmt":"2026-07-13T09:45:00","guid":{"rendered":"https:\/\/www.leggoscandinavia.com\/index.php\/2026\/07\/13\/von-der-leyen-lue-dovrebbe-stabilire-uneta-minima-per-luso-dei-social-media\/"},"modified":"2026-07-13T11:45:00","modified_gmt":"2026-07-13T09:45:00","slug":"von-der-leyen-lue-dovrebbe-stabilire-uneta-minima-per-luso-dei-social-media","status":"publish","type":"post","link":"https:\/\/www.leggoscandinavia.com\/index.php\/2026\/07\/13\/von-der-leyen-lue-dovrebbe-stabilire-uneta-minima-per-luso-dei-social-media\/","title":{"rendered":"Von der Leyen: L&#8217;UE dovrebbe stabilire un&#8217;et\u00e0 minima per l&#8217;uso dei social media"},"content":{"rendered":"<h3>La Sicurezza dei Bambini Online: Necessit\u00e0 di un Limite di Et\u00e0 per i Social Media<\/h3>\n<p>Recentemente, la Presidentessa della Commissione Europea, Ursula von der Leyen, ha espresso pareri decisi sulla necessit\u00e0 di stabilire un limite di et\u00e0 per l&#8217;accesso dei bambini ai social media. Ha sottolineato con fermezza che \u201ci social media non sono un gioco\u201d. Questa affermazione \u00e8 emersa in seguito alla pubblicazione di un rapporto sull sicurezza online dei minori, il quale ha evidenziato come gli algoritmi utilizzati sulle piattaforme social possano essere dannosi per i pi\u00f9 giovani.<\/p>\n<h3>I Dati sul Rapporto di Sicurezza<\/h3>\n<p>Il rapporto in questione ha rivelato che gli algoritmi possono esporre i bambini a contenuti inappropriati, creando un ambiente potenzialmente pericoloso. Con la crescente digitalizzazione e l&#8217;uso massiccio delle tecnologie, i giovani sono sempre pi\u00f9 vulnerabili a contenuti che possono influenzare negativamente il loro sviluppo psicologico e sociale. La Commissione Europea ha definito questo problema come una priorit\u00e0, ritenendo fondamentale garantire un ambiente pi\u00f9 sicuro per i bambini mentre navigano nel mondo online.<\/p>\n<h3>La Posizione del Parlamento Europeo<\/h3>\n<p>A sostenere la posizione di von der Leyen \u00e8 anche Christel Schaldemose, Vice-Presidente del Parlamento Europeo, la quale ha evidenziato l\u2019importanza di proteggere i minori in un mondo digitale sempre pi\u00f9 complesso. Schaldemose ha sottolineato che le piattaforme social devono prendersi la responsabilit\u00e0 di garantire la sicurezza dei loro utenti pi\u00f9 vulnerabili. \u00c8 fondamentale che questi spazi virtuali non diventino terreno fertile per il bullismo, l\u2019uso di linguaggio inappropriato e, in casi estremi, l\u2019esposizione a contenuti violenti o pornografici.<\/p>\n<h3>Proteggere i Pi\u00f9 Giovani<\/h3>\n<p>La questione della protezione dei bambini online non \u00e8 una novit\u00e0, e diversi esperti hanno avvertito sui pericoli connessi all\u2019uso indiscriminato delle piattaforme social. I minori, spesso, non sono in grado di discernere tra contenuti sani e dannosi, e questo pu\u00f2 portare a conseguenze deleterie. Da studi condotti, \u00e8 emerso che la sovraesposizione ai social pu\u00f2 influenzare negativamente l\u2019autostima, le relazioni interpersonali e persino il rendimento scolastico.<\/p>\n<h3>La Necessit\u00e0 di Regolamentazioni Chiare<\/h3>\n<p>L&#8217;idea di stabilire un limite di et\u00e0 per l&#8217;accesso ai social media non deve essere vista come una limitazione della libert\u00e0 di espressione, ma piuttosto come un tentativo di tutelare i pi\u00f9 deboli. Attualmente, esistono poche regolamentazioni riguardanti l&#8217;et\u00e0 minima per l\u2019uso delle piattaforme social, e quelle che ci sono sono spesso eluse. \u00c8 quindi cruciale che l&#8217;Unione Europea sviluppi normative chiare e rigorose in questo settore, affinch\u00e9 i diritti dei bambini siano preservati.<\/p>\n<h3>Le Iniziative in Corso<\/h3>\n<p>L&#8217;Unione Europea ha gi\u00e0 avviato diverse iniziative per migliorare la sicurezza online dei minori. Tuttavia, la realizzazione di tali progetti richiede la collaborazione non solo tra i vari stati membri, ma anche con le aziende tecnologiche. Queste ultime devono mostrare maggiore responsabilit\u00e0 nel garantire che i propri strumenti siano utilizzati in modo sicuro e appropriato. La creazione di un ambiente online protetto deve diventare una priorit\u00e0 condivisa da tutti, inclusi genitori, educatori e le stesse piattaforme social.<\/p>\n<h3>Conclusioni<\/h3>\n<p>Le dichiarazioni di Ursula von der Leyen segnano un passo importante verso una maggiore tutela dei bambini nell\u2019ambiente digitale. Stabilire un limite di et\u00e0 per l\u2019accesso ai social media non \u00e8 solo una questione di legge, ma un imperativo morale. Dobbiamo garantire che i nostri bambini possano esplorare il mondo online in un contesto sicuro, lontano da contenuti dannosi e da situazioni che possano compromettere la loro innocenza e sviluppo.<\/p>\n<p>L&#8217;Unione Europea ha l&#8217;opportunit\u00e0 di guidare la strada verso una maggiore sicurezza online, e tutti noi, come cittadini e membri della societ\u00e0, siamo chiamati a sostenere questa importante iniziativa. Solo insieme possiamo costruire un futuro digitale in cui i minori possano esprimersi liberamente e in sicurezza.<\/p>\n<p>#leggoscandinavia<\/p>\n","protected":false},"excerpt":{"rendered":"<p>La Sicurezza dei Bambini Online: Necessit\u00e0 di un Limite di Et\u00e0 per i Social Media Recentemente, la Presidentessa della Commissione Europea, Ursula von der Leyen, ha espresso pareri decisi sulla necessit\u00e0 di stabilire un limite di et\u00e0 per l&#8217;accesso dei bambini ai social media. Ha sottolineato con fermezza che \u201ci social media non sono un [&hellip;]<\/p>\n","protected":false},"author":2,"featured_media":8684,"comment_status":"","ping_status":"","sticky":false,"template":"","format":"standard","meta":{"fifu_image_url":"https:\/\/www.leggoscandinavia.com\/wp-content\/uploads\/2026\/02\/leggoscandinavia-copenaghen049.jpg","fifu_image_alt":"","footnotes":""},"categories":[3],"tags":[223,10160,470,10161,3534,4710,1241,10163,4998,760,10162,2028],"class_list":["post-8683","post","type-post","status-publish","format-standard","has-post-thumbnail","category-copenaghen","tag-dei","tag-der","tag-dovrebbe","tag-leyen","tag-lue","tag-luso","tag-media","tag-minima","tag-social","tag-stabilire","tag-uneta","tag-von"],"_links":{"self":[{"href":"https:\/\/www.leggoscandinavia.com\/index.php\/wp-json\/wp\/v2\/posts\/8683","targetHints":{"allow":["GET"]}}],"collection":[{"href":"https:\/\/www.leggoscandinavia.com\/index.php\/wp-json\/wp\/v2\/posts"}],"about":[{"href":"https:\/\/www.leggoscandinavia.com\/index.php\/wp-json\/wp\/v2\/types\/post"}],"author":[{"embeddable":true,"href":"https:\/\/www.leggoscandinavia.com\/index.php\/wp-json\/wp\/v2\/users\/2"}],"replies":[{"embeddable":true,"href":"https:\/\/www.leggoscandinavia.com\/index.php\/wp-json\/wp\/v2\/comments?post=8683"}],"version-history":[{"count":0,"href":"https:\/\/www.leggoscandinavia.com\/index.php\/wp-json\/wp\/v2\/posts\/8683\/revisions"}],"wp:featuredmedia":[{"embeddable":true,"href":"https:\/\/www.leggoscandinavia.com\/index.php\/wp-json\/wp\/v2\/media\/8684"}],"wp:attachment":[{"href":"https:\/\/www.leggoscandinavia.com\/index.php\/wp-json\/wp\/v2\/media?parent=8683"}],"wp:term":[{"taxonomy":"category","embeddable":true,"href":"https:\/\/www.leggoscandinavia.com\/index.php\/wp-json\/wp\/v2\/categories?post=8683"},{"taxonomy":"post_tag","embeddable":true,"href":"https:\/\/www.leggoscandinavia.com\/index.php\/wp-json\/wp\/v2\/tags?post=8683"}],"curies":[{"name":"wp","href":"https:\/\/api.w.org\/{rel}","templated":true}]}}