{"id":8517,"date":"2026-07-10T17:19:00","date_gmt":"2026-07-10T15:19:00","guid":{"rendered":"https:\/\/www.leggoscandinavia.com\/index.php\/2026\/07\/10\/ricercatori-sul-verme-del-diavolo-non-ci-vorra-molto-prima-che-appaia-in-scania\/"},"modified":"2026-07-10T17:19:00","modified_gmt":"2026-07-10T15:19:00","slug":"ricercatori-sul-verme-del-diavolo-non-ci-vorra-molto-prima-che-appaia-in-scania","status":"publish","type":"post","link":"https:\/\/www.leggoscandinavia.com\/index.php\/2026\/07\/10\/ricercatori-sul-verme-del-diavolo-non-ci-vorra-molto-prima-che-appaia-in-scania\/","title":{"rendered":"Ricercatori sul verme del diavolo: Non ci vorr\u00e0 molto prima che appaia in Scania"},"content":{"rendered":"<h3>La Diffusione della Helveteslarven: Un Allerta per la Regione di Sk\u00e5ne<\/h3>\n<p>Negli ultimi anni, la Helveteslarven, nota come larva infernale, ha iniziato a diffondersi verso nord, ed \u00e8 stata recentemente avvistata sull&#8217;isola di Amager, proprio di fronte a Malm\u00f6. Questo sviluppo ha sollevato preoccupazioni tra esperti e autorit\u00e0 locali, che avvertono che questa invasiva larva potrebbe presto raggiungere la regione di Sk\u00e5ne, in Svezia.<\/p>\n<h4>La Minaccia della Helveteslarven<\/h4>\n<p>La Helveteslarven \u00e8 un insetto noto per la sua capacit\u00e0 di adattarsi a diversi ambienti e per la sua rapida diffusione. Originaria di altre aree, la sua recente apparizione a Amager \u00e8 considerata un segno preoccupante per la biodiversit\u00e0 locale e per l&#8217;agricoltura della regione. Gli esperti temono che questa larva possa avere effetti devastanti sugli ecosistemi esistenti, competendo con specie native e causando danni alle coltivazioni.<\/p>\n<p>Mats Wir\u00e9n, ecologo comunale a Malm\u00f6, ha sottolineato l&#8217;importanza di una reazione pronta e organizzata: &#8220;Poich\u00e9 la Helveteslarven si \u00e8 gi\u00e0 spostata fino ad Amager, \u00e8 fondamentale sviluppare un piano d&#8217;azione chiaro e strategico per affrontare questa nuova minaccia.&#8221; La sua diffusione rappresenta non solo un rischio ecologico, ma anche economico, poich\u00e9 potrebbe compromettere la produttivit\u00e0 agricola e, in conseguenza, i mezzi di sussistenza degli agricoltori locali.<\/p>\n<h4>Un Piano d&#8217;Azione Necessario<\/h4>\n<p>Le autorit\u00e0 locali e regionali sono sotto pressione per elaborare un piano che preveda misure preventive e di contenimento. Ci\u00f2 include il monitoraggio delle aree infestabili, la sensibilizzazione della popolazione e degli agricoltori e la ricerca di soluzioni ecologiche per il controllo della larva. La collaborazione tra enti governativi, istituti di ricerca e comunit\u00e0 locali sar\u00e0 cruciale per affrontare la diffusione di questo parassita.<\/p>\n<p>In diverse regioni, gli agricoltori hanno gi\u00e0 adottato pratiche sostenibili per ridurre l&#8217;impatto delle specie invasive. Queste possono includere rotazione delle colture, uso di insetti predatori naturali e metodi di coltivazione che rafforzano la resistenza delle piante. Tuttavia, \u00e8 necessario un impegno collettivo e coordinato per ottenere risultati significativi contro la Helveteslarven.<\/p>\n<h4>Il Ruolo della Comunit\u00e0<\/h4>\n<p>La partecipazione attiva della comunit\u00e0 sar\u00e0 essenziale nella lotta contro la Helveteslarven. Gli agricoltori, i giardinieri e i cittadini possono contribuire segnalando avvistamenti di larve o infestazioni. La consapevolezza pubblica sui rischi associati a quest&#8217;insetto e sulle pratiche preventive da adottare pu\u00f2 fare la differenza. <\/p>\n<p>Inoltre, l&#8217;istruzione e la formazione su come riconoscere i sintomi di infestazione possono aiutare a prevenire la diffusione della larva. Workshop, seminari e campagne informative potrebbero fornire agli agricoltori gli strumenti necessari per gestire e contenere il problema.<\/p>\n<h4>Il Monitoraggio Ambientale<\/h4>\n<p>Il monitoraggio dell&#8217;ambiente sar\u00e0 un altro aspetto fondamentale nella lotta contro la diffusione della Helveteslarven. Il coinvolgimento di ricercatori e scienziati sar\u00e0 cruciale per raccogliere dati e analizzare gli habitat in cui la larva potrebbe prosperare. La raccolta di informazioni intricate riguardanti la distribuzione dell&#8217;insetto, la sua biologia e gli effetti sugli ecosistemi locali e sull&#8217;agricoltura permetter\u00e0 di sviluppare strategie pi\u00f9 mirate.<\/p>\n<p>Inoltre, il monitoraggio permette di prevedere l&#8217;eventuale diffusione della larva e di preparare misure di contenimento in anticipo, riducendo al minimo l&#8217;impatto economico e ambientale.<\/p>\n<h4>Conclusione<\/h4>\n<p>La diffusione della Helveteslarven \u00e8 un campanello d\u2019allarme per la regione di Sk\u00e5ne e oltre. \u00c8 fondamentale che le autorit\u00e0, gli agricoltori e la comunit\u00e0 collaborino per affrontare questa minaccia e proteggere la biodiversit\u00e0 locale. Con un piano d\u2019azione strategico, monitoraggio attento e partecipazione della comunit\u00e0, \u00e8 possibile mitigare gli effetti della Helveteslarven, salvaguardando cos\u00ec la salute degli ecosistemi e l&#8217;economia agricola della regione. La situazione richiede attenzione e azione tempestive, prima che sia troppo tardi.<\/p>\n<p>#leggoscandinavia<\/p>\n","protected":false},"excerpt":{"rendered":"<p>La Diffusione della Helveteslarven: Un Allerta per la Regione di Sk\u00e5ne Negli ultimi anni, la Helveteslarven, nota come larva infernale, ha iniziato a diffondersi verso nord, ed \u00e8 stata recentemente avvistata sull&#8217;isola di Amager, proprio di fronte a Malm\u00f6. Questo sviluppo ha sollevato preoccupazioni tra esperti e autorit\u00e0 locali, che avvertono che questa invasiva larva [&hellip;]<\/p>\n","protected":false},"author":2,"featured_media":8518,"comment_status":"","ping_status":"","sticky":false,"template":"","format":"standard","meta":{"fifu_image_url":"https:\/\/www.leggoscandinavia.com\/wp-content\/uploads\/2026\/02\/leggoscandinavia-stoccolma045.jpg","fifu_image_alt":"","footnotes":""},"categories":[7],"tags":[10062,301,226,6552,1766,1020,7143,7045,255,10043,5635],"class_list":["post-8517","post","type-post","status-publish","format-standard","has-post-thumbnail","category-stoccolma","tag-appaia","tag-che","tag-del","tag-diavolo","tag-molto","tag-prima","tag-ricercatori","tag-scania","tag-sul","tag-verme","tag-vorra"],"_links":{"self":[{"href":"https:\/\/www.leggoscandinavia.com\/index.php\/wp-json\/wp\/v2\/posts\/8517","targetHints":{"allow":["GET"]}}],"collection":[{"href":"https:\/\/www.leggoscandinavia.com\/index.php\/wp-json\/wp\/v2\/posts"}],"about":[{"href":"https:\/\/www.leggoscandinavia.com\/index.php\/wp-json\/wp\/v2\/types\/post"}],"author":[{"embeddable":true,"href":"https:\/\/www.leggoscandinavia.com\/index.php\/wp-json\/wp\/v2\/users\/2"}],"replies":[{"embeddable":true,"href":"https:\/\/www.leggoscandinavia.com\/index.php\/wp-json\/wp\/v2\/comments?post=8517"}],"version-history":[{"count":0,"href":"https:\/\/www.leggoscandinavia.com\/index.php\/wp-json\/wp\/v2\/posts\/8517\/revisions"}],"wp:featuredmedia":[{"embeddable":true,"href":"https:\/\/www.leggoscandinavia.com\/index.php\/wp-json\/wp\/v2\/media\/8518"}],"wp:attachment":[{"href":"https:\/\/www.leggoscandinavia.com\/index.php\/wp-json\/wp\/v2\/media?parent=8517"}],"wp:term":[{"taxonomy":"category","embeddable":true,"href":"https:\/\/www.leggoscandinavia.com\/index.php\/wp-json\/wp\/v2\/categories?post=8517"},{"taxonomy":"post_tag","embeddable":true,"href":"https:\/\/www.leggoscandinavia.com\/index.php\/wp-json\/wp\/v2\/tags?post=8517"}],"curies":[{"name":"wp","href":"https:\/\/api.w.org\/{rel}","templated":true}]}}