{"id":8469,"date":"2026-07-09T17:30:00","date_gmt":"2026-07-09T15:30:00","guid":{"rendered":"https:\/\/www.leggoscandinavia.com\/index.php\/2026\/07\/09\/il-ministro-avverte-contro-luso-della-bandiera-islandese-come-simbolo-di-divisione\/"},"modified":"2026-07-09T17:30:00","modified_gmt":"2026-07-09T15:30:00","slug":"il-ministro-avverte-contro-luso-della-bandiera-islandese-come-simbolo-di-divisione","status":"publish","type":"post","link":"https:\/\/www.leggoscandinavia.com\/index.php\/2026\/07\/09\/il-ministro-avverte-contro-luso-della-bandiera-islandese-come-simbolo-di-divisione\/","title":{"rendered":"Il Ministro Avverte Contro l&#8217;Uso della Bandiera Islandese come Simbolo di Divisione"},"content":{"rendered":"<p><strong>Vandalismo alla Bandiera Islandese: Un Appello Contro il Razzismo e la Divisione<\/strong><\/p>\n<p>Il Ministro delle Industrie islandese, Hanna Katr\u00edn Fri\u00f0riksson, ha accusato &#8220;populisti e razzisti&#8221; di tentare di ridefinire il significato della bandiera islandese. Questa dichiarazione \u00e8 giunta dopo un episodio di vandalismo avvenuto davanti alla Chiesa di Grafarvogur a Reykjav\u00edk, dove la bandiera, simbolo civile, \u00e8 stata dipinta sopra il colore arcobaleno della bandiera Pride.<\/p>\n<p>Le autorit\u00e0 islandesi hanno avviato un&#8217;inchiesta sull&#8217;incidente, trattato come un presunto crimine d&#8217;odio. Secondo la polizia, le immagini registrate dalle telecamere di sorveglianza mostrano due uomini mentre compiono l&#8217;atto vandalico, anche se non sono state escluse le possibili complicit\u00e0 di altri.<\/p>\n<h3>La Vicenda<\/h3>\n<p>Il dibattito legato al vandalismo della bandiera \u00e8 stato collegato a preoccupazioni pi\u00f9 ampie riguardanti il razzismo e la divisione sociale. La polizia considera l&#8217;atto di dipingere sopra la bandiera dell&#8217;inclusione alla Chiesa di Grafarvogur come un sospetto crimine d&#8217;odio. Un individuo anonimo ha rivendicato la responsabilit\u00e0 dell&#8217;accaduto, negando tuttavia di nutrire ostilit\u00e0 nei confronti della comunit\u00e0 gay.<\/p>\n<h3>Bandiera e Inclusione<\/h3>\n<p>Sui social media, Hanna Katr\u00edn ha sottolineato che la bandiera islandese ha da sempre rappresentato un simbolo di unit\u00e0 per una nazione impegnata nella libert\u00e0, uguaglianza e nel rispetto dei diritti umani. Ha rimarcato come alcuni stiano cercando di dare alla bandiera &#8220;un nuovo e ripugnante ruolo&#8221;, trasformandola in &#8220;un simbolo di divisione e ostilit\u00e0 verso determinati gruppi della societ\u00e0&#8221;.<\/p>\n<p>&#8220;Non permetteremo che ci\u00f2 accada. Non ci sveglieremo un giorno nel incubo che populisti e razzisti siano riusciti a ridefinire il ruolo della bandiera islandese e ci\u00f2 che significa esporla,&#8221; ha dichiarato.<\/p>\n<p>Hanna Katr\u00edn ha affermato che la bandiera islandese appartiene a tutti, mentre la bandiera LGBTQ+ \u00e8 un simbolo per coloro che desiderano sottolineare che le persone queer sono al sicuro e libere nella societ\u00e0 islandese. Entrambi i vessilli rappresentano la solidariet\u00e0 piuttosto che la divisione e occupano uno spazio significativo nel cuore della nazione.<\/p>\n<p>Questa mattina, l&#8217;emittente di notizie islandese N\u00fat\u00edminn ha riferito che una persona che rivendica la responsabilit\u00e0 per l&#8217;incidente ha rilasciato una dichiarazione anonima, affermando di non provare odio nei confronti delle persone gay.<\/p>\n<p>L&#8217;episodio ha suscitato un acceso dibattito all&#8217;interno della societ\u00e0 islandese, che da sempre si \u00e8 sforzata di promuovere valori di inclusione e rispetto reciproco. La bandiera islandese, un simbolo di orgoglio nazionale, non dovrebbe mai essere strumentalizzata per perpetuare divisioni e ostilit\u00e0 tra i suoi cittadini. <\/p>\n<p>La richiesta della ministra di non lasciare che la bandiera islandese venga trasformata in un simbolo di divisione \u00e8 stata accolta da ripetuti appelli da parte della comunit\u00e0 LGBTQ+ e dei sostenitori dei diritti umani. Essi riscontrano che la vera essenza della bandiera \u00e8 quella di unire le persone, abbracciando le differenze piuttosto che alimentare conflitti.<\/p>\n<p>In un momento in cui il mondo sembra sempre pi\u00f9 polarizzato, l&#8217;Islanda rappresenta un esempio di come l&#8217;unit\u00e0 e il rispetto possano prevalere sulle divisioni. La rivendicazione della bandiera islandese da parte di gruppi razzisti e populisti \u00e8 vista come una minaccia non solo per la comunit\u00e0 LGBTQ+, ma per l&#8217;intera societ\u00e0 islandese.<\/p>\n<p>La situazione attuale solleva interrogativi importanti sul futuro dell&#8217;inclusione in Islanda e su come la societ\u00e0 possa combattere insieme contro il razzismo e l&#8217;odio. Le parole di Hanna Katr\u00edn servono da monito su quanto sia fondamentale preservare i valori di libert\u00e0 ed uguaglianza per tutti, assicurando che la bandiera islandese continui a rappresentare un simbolo di unit\u00e0 anzich\u00e9 di divisione.<\/p>\n<p>L&#8217;analisi di questi eventi ci porta a riflettere sulle sfide che ancora oggi affliggono la nostra societ\u00e0 e sull&#8217;importanza di lavorare insieme per una convivenza pacifica e rispettosa, dove tutti possano sentirsi appartenenti e rappresentati.<\/p>\n<p>#leggoscandinavia<\/p>\n","protected":false},"excerpt":{"rendered":"<p>Vandalismo alla Bandiera Islandese: Un Appello Contro il Razzismo e la Divisione Il Ministro delle Industrie islandese, Hanna Katr\u00edn Fri\u00f0riksson, ha accusato &#8220;populisti e razzisti&#8221; di tentare di ridefinire il significato della bandiera islandese. Questa dichiarazione \u00e8 giunta dopo un episodio di vandalismo avvenuto davanti alla Chiesa di Grafarvogur a Reykjav\u00edk, dove la bandiera, simbolo [&hellip;]<\/p>\n","protected":false},"author":2,"featured_media":8470,"comment_status":"","ping_status":"","sticky":false,"template":"","format":"standard","meta":{"fifu_image_url":"https:\/\/www.leggoscandinavia.com\/wp-content\/uploads\/2026\/02\/leggoscandinavia-reykjavik002.jpg","fifu_image_alt":"","footnotes":""},"categories":[6],"tags":[323,7875,260,63,5855,2472,4710,227,8256],"class_list":["post-8469","post","type-post","status-publish","format-standard","has-post-thumbnail","category-reykjavik","tag-avverte","tag-bandiera","tag-contro","tag-della","tag-divisione","tag-islandese","tag-luso","tag-ministro","tag-simbolo"],"_links":{"self":[{"href":"https:\/\/www.leggoscandinavia.com\/index.php\/wp-json\/wp\/v2\/posts\/8469","targetHints":{"allow":["GET"]}}],"collection":[{"href":"https:\/\/www.leggoscandinavia.com\/index.php\/wp-json\/wp\/v2\/posts"}],"about":[{"href":"https:\/\/www.leggoscandinavia.com\/index.php\/wp-json\/wp\/v2\/types\/post"}],"author":[{"embeddable":true,"href":"https:\/\/www.leggoscandinavia.com\/index.php\/wp-json\/wp\/v2\/users\/2"}],"replies":[{"embeddable":true,"href":"https:\/\/www.leggoscandinavia.com\/index.php\/wp-json\/wp\/v2\/comments?post=8469"}],"version-history":[{"count":0,"href":"https:\/\/www.leggoscandinavia.com\/index.php\/wp-json\/wp\/v2\/posts\/8469\/revisions"}],"wp:featuredmedia":[{"embeddable":true,"href":"https:\/\/www.leggoscandinavia.com\/index.php\/wp-json\/wp\/v2\/media\/8470"}],"wp:attachment":[{"href":"https:\/\/www.leggoscandinavia.com\/index.php\/wp-json\/wp\/v2\/media?parent=8469"}],"wp:term":[{"taxonomy":"category","embeddable":true,"href":"https:\/\/www.leggoscandinavia.com\/index.php\/wp-json\/wp\/v2\/categories?post=8469"},{"taxonomy":"post_tag","embeddable":true,"href":"https:\/\/www.leggoscandinavia.com\/index.php\/wp-json\/wp\/v2\/tags?post=8469"}],"curies":[{"name":"wp","href":"https:\/\/api.w.org\/{rel}","templated":true}]}}