{"id":8253,"date":"2026-07-06T12:00:00","date_gmt":"2026-07-06T10:00:00","guid":{"rendered":"https:\/\/www.leggoscandinavia.com\/index.php\/2026\/07\/06\/la-premier-frederiksen-afferma-che-il-delitto-durante-levento-della-coppa-del-mondo-riflette-un-modello-di-violenza-perpetrata-dagli-immigrati\/"},"modified":"2026-07-06T12:00:00","modified_gmt":"2026-07-06T10:00:00","slug":"la-premier-frederiksen-afferma-che-il-delitto-durante-levento-della-coppa-del-mondo-riflette-un-modello-di-violenza-perpetrata-dagli-immigrati","status":"publish","type":"post","link":"https:\/\/www.leggoscandinavia.com\/index.php\/2026\/07\/06\/la-premier-frederiksen-afferma-che-il-delitto-durante-levento-della-coppa-del-mondo-riflette-un-modello-di-violenza-perpetrata-dagli-immigrati\/","title":{"rendered":"La Premier Frederiksen afferma che il delitto durante l&#8217;evento della Coppa del Mondo riflette un modello di violenza perpetrata dagli immigrati"},"content":{"rendered":"<p><strong>Il commento della Primo Ministro danese Mette Frederiksen sulla tragica morte di un uomo svedese<\/strong><\/p>\n<p>In un momento di grande commozione e preoccupazione, la Primo Ministro danese Mette Frederiksen ha rilasciato una dichiarazione in relazione a un tragico incidente avvenuto durante un evento di proiezione pubblica per la Coppa del Mondo, dove un uomo svedese di 32 anni ha perso la vita a causa di atti di violenza. Questo straziante evento ha sollevato non solo un&#8217;ondata di tristezza tra i cittadini, ma anche una serie di riflessioni sulle problematiche della sicurezza pubblica e della criminalit\u00e0 nel paese.<\/p>\n<p>La premier ha parlato di una crescente frustrazione tra i danesi riguardo a un certo \u201cschema\u201d che si sta ripetendo nel contesto della violenza urbana. Frederiksen ha sollevato il problema della criminalit\u00e0, sottolineando che esiste un numero significativo di crimini commessi da persone che hanno immigrato in Danimarca. Le sue parole risuonano con una certa gravit\u00e0: \u201cCredo che molti condividano una profonda rabbia riguardo a un modello tipico. C&#8217;\u00e8 una quantit\u00e0 eccessiva di crimine commesso da individui arrivati in Danimarca da altre nazioni.\u201d <\/p>\n<p>Questo commento ha subito attirato reazioni contrastanti. Da un lato, molti cittadini danesi hanno espresso supporto verso le preoccupazioni sollevate dalla Primo Ministro, ritenendo importante affrontare la questione della sicurezza pubblica. Dall&#8217;altro lato, ci sono state critiche da parte di attivisti e organizzazioni per i diritti umani, che sostengono che tali affermazioni possono contribuire a stigmatizzare una parte della popolazione immigrata. Queste reazioni testimoniano quanto sia complesso e sensibile il tema dell&#8217;immigrazione e della sicurezza in Danimarca, un paese noto per la sua apertura e accoglienza verso i migranti.<\/p>\n<p>La morte dell\u2019uomo svedese, un tragico epilogo che ha colpito profondamente i suoi amici e familiari, ha sollevato interrogativi su come gestire eventi pubblici di grande richiamo senza compromettere la sicurezza dei partecipanti. La Premier ha promesso che il governo prender\u00e0 misure pi\u00f9 severe per garantire che simili episodi non si ripetano in futuro, incluso un potenziamento della presenza delle forze dell&#8217;ordine durante eventi di massa. Questa decisione \u00e8 vista da molti come un passo necessario per rassicurare la popolazione e prevenire comportamenti violenti in situazioni potenzialmente vulnerabili.<\/p>\n<p>Frederiksen ha anche fatto riferimento alla necessit\u00e0 di un dialogo pi\u00f9 aperto e sincero riguardo alla sicurezza, invitando i cittadini a esprimere le loro preoccupazioni e a cercare insieme soluzioni efficaci. \u201cDobbiamo affrontare queste questioni con seriet\u00e0,\u201d ha dichiarato, \u201cperch\u00e9 la sicurezza dei nostri cittadini \u00e8 la nostra priorit\u00e0.\u201d Le sue parole pongono l\u2019accento sull\u2019importanza di una collaborazione tra il governo, le forze dell\u2019ordine e i cittadini stessi, suggerendo che la definizione di strategie di sicurezza efficaci richiede un approccio collettivo.<\/p>\n<p>In questo contesto, molti esperti di sicurezza e sociale hanno sottolineato l&#8217;importanza di promuovere l&#8217;integrazione e il coinvolgimento attivo degli immigrati nella societ\u00e0 danese. Un&#8217;integrazione riuscita, in grado di garantire opportunit\u00e0 di lavoro e formazione, potrebbe contribuire a ridurre il tasso di criminalit\u00e0 e promuovere un clima di maggiore sicurezza e coesione sociale. La discussione sull&#8217;immigrazione e la criminalit\u00e0 non dovrebbe limitarsi a stigmatizzare, ma dovrebbe invece mirare a costruire ponte tra diverse comunit\u00e0, attraverso progetti e iniziative che mantengano alta l\u2019attenzione sulla gestione dei problemi sociali.<\/p>\n<p>L&#8217;opinione pubblica sembra essere sempre pi\u00f9 divisa su queste tematiche, rendendo necessario un amplio dibattito che coinvolga tutte le parti interessate. Le dichiarazioni della Primo Ministro hanno riacceso il dibattito su un tema che \u00e8 presente da tempo nel dibattito politico danese, portando alla luce emozioni forti e reazioni diverse.<\/p>\n<p>In conclusione, la dichiarazione di Mette Frederiksen \u00e8 stata un richiamo alla responsabilit\u00e0 e alla necessit\u00e0 di affrontare la criminalit\u00e0 con decisione, evidenziando al contempo l&#8217;importanza di promuovere l&#8217;integrazione sociale. La questione della sicurezza, particolarmente in un contesto di eventi pubblici affollati, rimane una delle sfide principali per il governo danese, che dovr\u00e0 continuare a lavorare per un ambiente sicuro e accogliente per tutti i cittadini, indipendentemente dalle loro origini.<\/p>\n<p>#leggoscandinavia<\/p>\n","protected":false},"excerpt":{"rendered":"<p>Il commento della Primo Ministro danese Mette Frederiksen sulla tragica morte di un uomo svedese In un momento di grande commozione e preoccupazione, la Primo Ministro danese Mette Frederiksen ha rilasciato una dichiarazione in relazione a un tragico incidente avvenuto durante un evento di proiezione pubblica per la Coppa del Mondo, dove un uomo svedese [&hellip;]<\/p>\n","protected":false},"author":2,"featured_media":8254,"comment_status":"","ping_status":"","sticky":false,"template":"","format":"standard","meta":{"fifu_image_url":"https:\/\/www.leggoscandinavia.com\/wp-content\/uploads\/2026\/02\/leggoscandinavia-copenaghen040.jpg","fifu_image_alt":"","footnotes":""},"categories":[3],"tags":[1031,301,1098,3063,226,6537,63,430,1248,1001,9908,6627,1025,9910,2581,9909,1113],"class_list":["post-8253","post","type-post","status-publish","format-standard","has-post-thumbnail","category-copenaghen","tag-afferma","tag-che","tag-coppa","tag-dagli","tag-del","tag-delitto","tag-della","tag-durante","tag-frederiksen","tag-immigrati","tag-levento","tag-modello","tag-mondo","tag-perpetrata","tag-premier","tag-riflette","tag-violenza"],"_links":{"self":[{"href":"https:\/\/www.leggoscandinavia.com\/index.php\/wp-json\/wp\/v2\/posts\/8253","targetHints":{"allow":["GET"]}}],"collection":[{"href":"https:\/\/www.leggoscandinavia.com\/index.php\/wp-json\/wp\/v2\/posts"}],"about":[{"href":"https:\/\/www.leggoscandinavia.com\/index.php\/wp-json\/wp\/v2\/types\/post"}],"author":[{"embeddable":true,"href":"https:\/\/www.leggoscandinavia.com\/index.php\/wp-json\/wp\/v2\/users\/2"}],"replies":[{"embeddable":true,"href":"https:\/\/www.leggoscandinavia.com\/index.php\/wp-json\/wp\/v2\/comments?post=8253"}],"version-history":[{"count":0,"href":"https:\/\/www.leggoscandinavia.com\/index.php\/wp-json\/wp\/v2\/posts\/8253\/revisions"}],"wp:featuredmedia":[{"embeddable":true,"href":"https:\/\/www.leggoscandinavia.com\/index.php\/wp-json\/wp\/v2\/media\/8254"}],"wp:attachment":[{"href":"https:\/\/www.leggoscandinavia.com\/index.php\/wp-json\/wp\/v2\/media?parent=8253"}],"wp:term":[{"taxonomy":"category","embeddable":true,"href":"https:\/\/www.leggoscandinavia.com\/index.php\/wp-json\/wp\/v2\/categories?post=8253"},{"taxonomy":"post_tag","embeddable":true,"href":"https:\/\/www.leggoscandinavia.com\/index.php\/wp-json\/wp\/v2\/tags?post=8253"}],"curies":[{"name":"wp","href":"https:\/\/api.w.org\/{rel}","templated":true}]}}