{"id":5996,"date":"2026-05-30T14:20:00","date_gmt":"2026-05-30T12:20:00","guid":{"rendered":"https:\/\/www.leggoscandinavia.com\/index.php\/2026\/05\/30\/europa-avvisata-il-sonno-tranquillo-e-finito-dopo-lincidente-con-i-droni-russi-in-romania\/"},"modified":"2026-05-30T14:20:00","modified_gmt":"2026-05-30T12:20:00","slug":"europa-avvisata-il-sonno-tranquillo-e-finito-dopo-lincidente-con-i-droni-russi-in-romania","status":"publish","type":"post","link":"https:\/\/www.leggoscandinavia.com\/index.php\/2026\/05\/30\/europa-avvisata-il-sonno-tranquillo-e-finito-dopo-lincidente-con-i-droni-russi-in-romania\/","title":{"rendered":"Europa avvisata: &#8216;Il sonno tranquillo \u00e8 finito&#8217; dopo l&#8217;incidente con i droni russi in Romania"},"content":{"rendered":"<h1>Incidente in Romania: il monito di Medvedev dopo l&#8217;attacco di un drone russo<\/h1>\n<p>Un allarmante incidente ha scosso la Romania, membro della NATO, quando un drone russo ha colpito un complesso residenziale a Galati, causando due feriti. Questo atto, avvenuto venerd\u00ec, ha scatenato una forte condanna da parte dei leader europei e ha sollevato interrogativi sul possibile coinvolgimento dell&#8217;alleanza NATO in seguito a una violazione del suo spazio aereo.<\/p>\n<p>Oana Toiu, ministro degli Affari Esteri rumeno, ha affermato che l&#8217;evento giustificherebbe l&#8217;attivazione dell&#8217;Articolo 4 della NATO, che consente ai membri di richiedere un incontro di emergenza in caso di minaccia alla sicurezza. In questo clima di crescente tensione, Dmitry Medvedev, vicepresidente del Consiglio di Sicurezza russo e stretto alleato del presidente Vladimir Putin, ha lanciato un avvertimento inquietante per gli europei attraverso il suo account su X.<\/p>\n<p>&#8220;Popolo dei paesi dell&#8217;UE. Dovete rendervi conto che le vostre autorit\u00e0 hanno unilateralmente dichiarato guerra alla Russia. Quindi siate vigili e non sorprendetevi di nulla. Il sonno tranquillo \u00e8 finito&#8221;, ha scritto Medvedev, suggerendo che la situazione potrebbe degenerare ulteriormente.<\/p>\n<h3>Un clima di tensione crescente<\/h3>\n<p>Medvedev, ex presidente della Russia, non \u00e8 estraneo a tale retorica bellicosa. Lo scorso ottobre, aveva dichiarato che gli europei avrebbero dovuto &#8220;tremare di paura&#8221; a causa delle numerose apparizioni di droni sopra il continente. Nel maggio 2023, aveva definito i funzionari britannici &#8220;obiettivi legittimi&#8221; dopo che l&#8217;allora segretario agli Esteri, James Cleverly, aveva sostenuto il diritto dell&#8217;Ucraina di colpire la Russia. Questa continua escalation di minacce ha suscitato preoccupazioni diffuse tra i membri della NATO.<\/p>\n<h3>La risposta della comunit\u00e0 internazionale<\/h3>\n<p>L&#8217;incidente di Galati \u00e8 stato rapidamente definito una &#8220;seria violazione dello spazio aereo della NATO&#8221; dal Primo Ministro britannico, Keir Starmer. Anche Mark Rutte, segretario generale della NATO, ha sottolineato come questo episodio dimostri ancora una volta le conseguenze dell&#8217;illegale guerra di aggressione della Russia, che non si arrestano ai confini. &#8220;La NATO \u00e8 pronta a difendere ogni centimetro del territorio alleato. Il comportamento sconsiderato della Russia rappresenta un pericolo per tutti noi&#8221;, ha dichiarato Rutte.<\/p>\n<p>Non \u00e8 la prima volta che uno stato membro della NATO ha subito una violazione dello spazio aereo da parte della Russia. A settembre dello scorso anno, infatti, decine di droni sono entrati nello spazio aereo polacco, portando la NATO e la Forza Aerea polacca a decollare in risposta.<\/p>\n<h3>Le reazioni della stampa e dei cittadini<\/h3>\n<p>Le notizie riguardo l&#8217;attacco hanno suscitato una forte preoccupazione tra i cittadini europei, molti dei quali si sono espressi attraverso i social media e nei commenti sui principali siti di informazione. Messaggi di solidariet\u00e0 per le vittime dell&#8217;incidente si sono mescolati a richieste di maggiore protezione e vigilanza da parte dei governi nazionali.<\/p>\n<p>Alcuni analisti politici temono che questo episodio possa segnare un netto aumento della tensione tra la Russia e i membri della NATO, mettendo in discussione la sicurezza di tutta l&#8217;Europa. La possibilit\u00e0 che simili eventi possano ripetersi \u00e8 un motivo di grande allerta, soprattutto in un contesto gi\u00e0 instabile come quello attuale.<\/p>\n<h3>Conclusioni<\/h3>\n<p>L&#8217;attacco di un drone russo su un complesso residenziale in Romania rappresenta un punto critico non solo per il paese coinvolto, ma anche per l&#8217;intera comunit\u00e0 internazionale. Le parole di Medvedev e la reazione della NATO evidenziano la fragile situazione in cui si trovano oggi le relazioni tra Russia e Occidente. In un clima di incertezze e timori, \u00e8 fondamentale che i governi europei mantengano un dialogo aperto e costruttivo per affrontare le nuove minacce all&#8217;ordine globale.<\/p>\n<p>Con la fase attuale del conflitto in Ucraina sempre pi\u00f9 complessa, eventi come quello di Galati potrebbero diventare la norma, richiedendo una risposta coordinata e determinata da parte della comunit\u00e0 internazionale. La sicurezza dell&#8217;Europa potrebbe, quindi, dipendere dalla capacit\u00e0 dei suoi leader di affrontare le provocazioni e di promuovere un dialogo che favorisca la pace e la stabilit\u00e0 nella regione.<\/p>\n<p>#leggoscandinavia<\/p>\n","protected":false},"excerpt":{"rendered":"<p>Incidente in Romania: il monito di Medvedev dopo l&#8217;attacco di un drone russo Un allarmante incidente ha scosso la Romania, membro della NATO, quando un drone russo ha colpito un complesso residenziale a Galati, causando due feriti. Questo atto, avvenuto venerd\u00ec, ha scatenato una forte condanna da parte dei leader europei e ha sollevato interrogativi [&hellip;]<\/p>\n","protected":false},"author":2,"featured_media":5997,"comment_status":"","ping_status":"","sticky":false,"template":"","format":"standard","meta":{"fifu_image_url":"https:\/\/www.leggoscandinavia.com\/wp-content\/uploads\/2026\/02\/leggoscandinavia-mondo020.jpg","fifu_image_alt":"","footnotes":""},"categories":[18],"tags":[8248,53,149,589,5442,6558,5317,8175,1689,4761,3727],"class_list":["post-5996","post","type-post","status-publish","format-standard","has-post-thumbnail","category-mondo","tag-avvisata","tag-con","tag-dopo","tag-droni","tag-europa","tag-finito","tag-lincidente","tag-romania","tag-russi","tag-sonno","tag-tranquillo"],"_links":{"self":[{"href":"https:\/\/www.leggoscandinavia.com\/index.php\/wp-json\/wp\/v2\/posts\/5996","targetHints":{"allow":["GET"]}}],"collection":[{"href":"https:\/\/www.leggoscandinavia.com\/index.php\/wp-json\/wp\/v2\/posts"}],"about":[{"href":"https:\/\/www.leggoscandinavia.com\/index.php\/wp-json\/wp\/v2\/types\/post"}],"author":[{"embeddable":true,"href":"https:\/\/www.leggoscandinavia.com\/index.php\/wp-json\/wp\/v2\/users\/2"}],"replies":[{"embeddable":true,"href":"https:\/\/www.leggoscandinavia.com\/index.php\/wp-json\/wp\/v2\/comments?post=5996"}],"version-history":[{"count":0,"href":"https:\/\/www.leggoscandinavia.com\/index.php\/wp-json\/wp\/v2\/posts\/5996\/revisions"}],"wp:featuredmedia":[{"embeddable":true,"href":"https:\/\/www.leggoscandinavia.com\/index.php\/wp-json\/wp\/v2\/media\/5997"}],"wp:attachment":[{"href":"https:\/\/www.leggoscandinavia.com\/index.php\/wp-json\/wp\/v2\/media?parent=5996"}],"wp:term":[{"taxonomy":"category","embeddable":true,"href":"https:\/\/www.leggoscandinavia.com\/index.php\/wp-json\/wp\/v2\/categories?post=5996"},{"taxonomy":"post_tag","embeddable":true,"href":"https:\/\/www.leggoscandinavia.com\/index.php\/wp-json\/wp\/v2\/tags?post=5996"}],"curies":[{"name":"wp","href":"https:\/\/api.w.org\/{rel}","templated":true}]}}