{"id":5213,"date":"2026-05-17T22:05:00","date_gmt":"2026-05-17T20:05:00","guid":{"rendered":"https:\/\/www.leggoscandinavia.com\/index.php\/2026\/05\/17\/autista-con-problemi-mentali-investe-la-folla-donna-costretta-ad-amputare-entrambe-le-gambe\/"},"modified":"2026-05-17T22:05:00","modified_gmt":"2026-05-17T20:05:00","slug":"autista-con-problemi-mentali-investe-la-folla-donna-costretta-ad-amputare-entrambe-le-gambe","status":"publish","type":"post","link":"https:\/\/www.leggoscandinavia.com\/index.php\/2026\/05\/17\/autista-con-problemi-mentali-investe-la-folla-donna-costretta-ad-amputare-entrambe-le-gambe\/","title":{"rendered":"Autista con \u2018problemi mentali\u2019 investe la folla, donna costretta ad amputare entrambe le gambe."},"content":{"rendered":"<h3>Incidente a Modena: Otto Feriti, Quattro in Condizioni Critiche<\/h3>\n<p>Otto persone sono rimaste ferite, quattro delle quali in modo grave, dopo che un uomo ha travolto dei pedoni su un marciapiede nel centro di Modena, in Italia. L&#8217;individuo, identificato come Salim El Koudri, un trentunenne con precedenti di disturbi mentali, ha causato il caos in una delle citt\u00e0 pi\u00f9 belle dell&#8217;Emilia Romagna.<\/p>\n<p>La tragedia \u00e8 avvenuta quando El Koudri ha accelerato la sua auto contro la folla, ferendo otto passanti. Due delle vittime hanno subito l&#8217;amputazione delle gambe, mentre una donna di 55 anni \u00e8 attualmente in condizioni critiche in un ospedale di Bologna. Gli altri feriti includono una donna di 27 anni, una donna di 71 anni e un uomo di 51 anni, che sono stati ricoverati presso la clinica di Modena con lesioni leggere.<\/p>\n<p>Dopo aver abbandonato il veicolo, El Koudri ha aggredito un pedone, Luca Signorelli, che stava cercando di fermarlo. Signorelli ha riportato delle ferite, ma fortunatamente non \u00e8 in pericolo di vita. Questo episodio ha destato un\u2019ampia preoccupazione tra le autorit\u00e0 locali e nazionali, che hanno condannato la violenza e chiesto giustizia per le vittime.<\/p>\n<p><strong>Le Dichiarazioni delle Autorit\u00e0<\/strong><\/p>\n<p>In un comunicato stampa, i pubblici ministeri hanno spiegato che l&#8217;atto dell&#8217;autore \u00e8 stato &#8220;indiscriminato, casuale e deliberato&#8221;. Il sindaco di Modena, Massimo Mezzetti, ha aggiunto che El Koudri, pur avendo una storia di instabilit\u00e0 mentale, non \u00e8 ancora chiaro se le sue condizioni abbiano influenzato il suo comportamento in quella tragica giornata.<\/p>\n<p>Il primo ministro italiano, Giorgia Meloni, ha annullato un incontro con il presidente cipriota a Nicosia per recarsi a Modena, dove ha espresso la sua solidariet\u00e0 alle vittime e alle loro famiglie. Ha inoltre commentato: &#8220;Ci\u00f2 che \u00e8 accaduto a Modena \u00e8 estremamente serio. Confido che la persona responsabile venga perseguita pienamente per le sue azioni&#8221;.<\/p>\n<p><strong>Reazioni Politiche e Consapevolezza Sociale<\/strong><\/p>\n<p>Il vicepremier Matteo Salvini, noto per la sua posizione di destra e per le sue idee contro l&#8217;immigrazione, ha sottolineato l&#8217;eredit\u00e0 marocchina di El Koudri, chiedendo che i permessi di soggiorno siano revocati a chi commette crimini. Questa dichiarazione ha suscitato diverse reazioni da parte di vari gruppi, con molti che hanno condannato l&#8217;uso del drammatico evento per alimentare la retorica politica.<\/p>\n<p>Le immagini catturate dalle telecamere di sorveglianza mostrano il veicolo che sfreccia a velocit\u00e0 impressionante lungo la strada, prima di salire sul marciapiede e danneggiare una serie di tende dei negozi. Testimoni oculari hanno descritto la scena come &#8220;terrificante&#8221; e &#8220;incredibilmente veloce&#8221;, affermando che l&#8217;auto viaggiava a oltre 160 km\/h.<\/p>\n<p>Un testimone oculare ha riferito al <em>Corriere della Sera<\/em>: &#8220;Stava andando incredibilmente veloce, sicuramente oltre le 100 miglia orarie&#8221;. Signorelli, dopo aver cercato di fermare El Koudri, ha affermato che l&#8217;aggressore sembrava esssere sotto l&#8217;effetto di alcol o droghe. Tuttavia, dopo i test, le autorit\u00e0 hanno confermato che El Koudri era risultato negativo.<\/p>\n<p><strong>Un Appello alla Sicurezza e alla Prevenci\u00f3n<\/strong><\/p>\n<p>Questo tragico fatto ha riproposto il tema della sicurezza nelle citt\u00e0 italiane. Molti cittadini chiedono un aumento della sorveglianza e misure pi\u00f9 severe per prevenire attacchi simili in futuro. Le autorit\u00e0 locali sono ora sotto pressione per istituire un piano di sicurezza che protegga meglio i pedoni e prevenga situazioni di questo tipo.<\/p>\n<p>L&#8217;episodio di Modena segna un momento buio per la comunit\u00e0, ma ha anche riunito le persone in un segno di solidariet\u00e0 per le vittime. \u00c8 fondamentale che le autorit\u00e0 analizzino in maniera approfondita le cause di tale violenza e adottino misure concrete per garantire la sicurezza di tutti.<\/p>\n<p>Con la speranza che le vittime ricevano il supporto necessario e che la giustizia venga fatta, la comunit\u00e0 di Modena si unisce in un momento di lutto e riflessione, con la speranza che simili tragedie possano essere evitate in futuro.<\/p>\n<p>#leggoscandinavia<\/p>\n","protected":false},"excerpt":{"rendered":"<p>Incidente a Modena: Otto Feriti, Quattro in Condizioni Critiche Otto persone sono rimaste ferite, quattro delle quali in modo grave, dopo che un uomo ha travolto dei pedoni su un marciapiede nel centro di Modena, in Italia. L&#8217;individuo, identificato come Salim El Koudri, un trentunenne con precedenti di disturbi mentali, ha causato il caos in [&hellip;]<\/p>\n","protected":false},"author":2,"featured_media":5214,"comment_status":"","ping_status":"","sticky":false,"template":"","format":"standard","meta":{"fifu_image_url":"https:\/\/www.leggoscandinavia.com\/wp-content\/uploads\/2026\/02\/leggoscandinavia-mondo039.jpg","fifu_image_alt":"","footnotes":""},"categories":[18],"tags":[7547,1670,53,3762,1234,7548,4682,7549,4794,7546,485],"class_list":["post-5213","post","type-post","status-publish","format-standard","has-post-thumbnail","category-mondo","tag-amputare","tag-autista","tag-con","tag-costretta","tag-donna","tag-entrambe","tag-folla","tag-gambe","tag-investe","tag-mentali","tag-problemi"],"_links":{"self":[{"href":"https:\/\/www.leggoscandinavia.com\/index.php\/wp-json\/wp\/v2\/posts\/5213","targetHints":{"allow":["GET"]}}],"collection":[{"href":"https:\/\/www.leggoscandinavia.com\/index.php\/wp-json\/wp\/v2\/posts"}],"about":[{"href":"https:\/\/www.leggoscandinavia.com\/index.php\/wp-json\/wp\/v2\/types\/post"}],"author":[{"embeddable":true,"href":"https:\/\/www.leggoscandinavia.com\/index.php\/wp-json\/wp\/v2\/users\/2"}],"replies":[{"embeddable":true,"href":"https:\/\/www.leggoscandinavia.com\/index.php\/wp-json\/wp\/v2\/comments?post=5213"}],"version-history":[{"count":0,"href":"https:\/\/www.leggoscandinavia.com\/index.php\/wp-json\/wp\/v2\/posts\/5213\/revisions"}],"wp:featuredmedia":[{"embeddable":true,"href":"https:\/\/www.leggoscandinavia.com\/index.php\/wp-json\/wp\/v2\/media\/5214"}],"wp:attachment":[{"href":"https:\/\/www.leggoscandinavia.com\/index.php\/wp-json\/wp\/v2\/media?parent=5213"}],"wp:term":[{"taxonomy":"category","embeddable":true,"href":"https:\/\/www.leggoscandinavia.com\/index.php\/wp-json\/wp\/v2\/categories?post=5213"},{"taxonomy":"post_tag","embeddable":true,"href":"https:\/\/www.leggoscandinavia.com\/index.php\/wp-json\/wp\/v2\/tags?post=5213"}],"curies":[{"name":"wp","href":"https:\/\/api.w.org\/{rel}","templated":true}]}}