{"id":4745,"date":"2026-05-09T17:46:00","date_gmt":"2026-05-09T15:46:00","guid":{"rendered":"https:\/\/www.leggoscandinavia.com\/index.php\/2026\/05\/09\/un-motociclista-e-uscito-di-strada-a-baerum\/"},"modified":"2026-05-09T17:46:00","modified_gmt":"2026-05-09T15:46:00","slug":"un-motociclista-e-uscito-di-strada-a-baerum","status":"publish","type":"post","link":"https:\/\/www.leggoscandinavia.com\/index.php\/2026\/05\/09\/un-motociclista-e-uscito-di-strada-a-baerum\/","title":{"rendered":"Un motociclista \u00e8 uscito di strada a B\u00e6rum"},"content":{"rendered":"<p><strong>Incidente Stradale Coinvolge un Motociclista: Aggiornamenti dalla Polizia<\/strong><\/p>\n<p>Sabato pomeriggio, un incidente stradale ha coinvolto un motociclista in una zona non precisata, suscitando l&#8217;intervento immediato delle forze dell&#8217;ordine e dei servizi di emergenza. Secondo quanto riportato da Per Ivar Iversen, il capo delle operazioni della polizia, il conducente della motocicletta sembra essere vigile e cosciente al momento dell&#8217;arrivo dei soccorsi. Questo \u00e8 un elemento positivo, in quanto permette agli operatori sanitari di effettuare una serie di controlli fondamentali per garantire la sicurezza e il benessere del motociclista.<\/p>\n<p>L&#8217;incidente, che non ha coinvolto altre persone o veicoli, \u00e8 stato attribuito a una probabile perdita di controllo da parte del motociclista. Stando alle prime informazioni fornite, si ritiene che il conducente abbia perso aderenza mentre viaggiava, causando la fuoriuscita dalla strada. Gli investigatori stanno cercando di ricostruire la dinamica dell&#8217;incidente per comprendere le cause e identificare eventuali fattori di rischio.<\/p>\n<p>Il motociclista, dopo aver ricevuto le prime cure sul posto, \u00e8 stato trasportato in ospedale per ulteriori accertamenti. La decisione di ricoverarlo \u00e8 stata presa in modo precauzionale, per escludere lesioni interne o altre complicazioni che potrebbero non essere immediatamente evidenti. \u00c8 fondamentale che il motociclista riceva l&#8217;attenzione medica adeguata, specialmente in caso di una caduta che potrebbe aver comportato traumi significativi.<\/p>\n<p>Le autorit\u00e0 invitano sempre gli utenti della strada, in particolare i motociclisti, a prestare particolare attenzione durante la guida e a rispettare le norme di sicurezza. La guida di una motocicletta, sebbene possa essere un&#8217;esperienza emozionante e liberatoria, comporta anche rischi elevati. Incidenti come questo evidenziano l&#8217;importanza di indossare sempre il casco e l&#8217;equipaggiamento protettivo, oltre a mantenere una velocit\u00e0 adeguata e una distanza di sicurezza dagli altri veicoli.<\/p>\n<p>In contesti simili, \u00e8 fondamentale che la comunit\u00e0 cos\u00ec come i media trattino la questione degli incidenti stradali con la seriet\u00e0 che merita. Le statistiche indicano un aumento nel numero di incidenti stradali che coinvolgono motociclisti, e questo \u00e8 un richiamo a tutti affinch\u00e9 prestino attenzione e conducano una guida responsabile. \u00c8 un fatto ben noto che un attimo di distrazione o una decisione impulsiva possono avere conseguenze drammatiche, non solo per chi guida ma anche per gli altri utenti della strada.<\/p>\n<p>La polizia, attraverso le sue operazioni, si impegna a monitorare attentamente le strade e a garantire che vengano rispettate le leggi sulla circolazione. \u00c8 importante che tutti i conducenti, indipendentemente dal tipo di veicolo, siano consapevoli delle proprie responsabilit\u00e0. La sorveglianza da parte delle forze dell\u2019ordine, insieme a campagne di sensibilizzazione, pu\u00f2 contribuire a ridurre il numero di incidenti e a promuovere una cultura della sicurezza stradale.<\/p>\n<p>In conclusione, l&#8217;incidente di sabato pomeriggio serve come un monito per tutti coloro che utilizzano le strade. Non solo per i motociclisti, che devono mantenere sempre la massima attenzione e prudenza, ma anche per tutti gli automobilisti e pedoni. La sicurezza stradale \u00e8 un obiettivo comune che richiede l&#8217;impegno di tutti. Speriamo che il motociclista coinvolto si riprenda presto e senza complicazioni, e che questo incidente possa servire come lezione per migliorare le pratiche di guida e la consapevolezza della sicurezza sulle strade.<\/p>\n<p>In attesa di ulteriori aggiornamenti sulla salute del motociclista, la comunit\u00e0 resta in apprensione. La polizia e i servizi di emergenza continueranno a monitorare la situazione e a fornire tutte le informazioni necessarie. La collaborazione tra forze dell&#8217;ordine e cittadini \u00e8 essenziale per garantire strade pi\u00f9 sicure per tutti.<\/p>\n<p>#leggoscandinavia<\/p>\n","protected":false},"excerpt":{"rendered":"<p>Incidente Stradale Coinvolge un Motociclista: Aggiornamenti dalla Polizia Sabato pomeriggio, un incidente stradale ha coinvolto un motociclista in una zona non precisata, suscitando l&#8217;intervento immediato delle forze dell&#8217;ordine e dei servizi di emergenza. Secondo quanto riportato da Per Ivar Iversen, il capo delle operazioni della polizia, il conducente della motocicletta sembra essere vigile e cosciente [&hellip;]<\/p>\n","protected":false},"author":2,"featured_media":4746,"comment_status":"","ping_status":"","sticky":false,"template":"","format":"standard","meta":{"fifu_image_url":"https:\/\/www.leggoscandinavia.com\/wp-content\/uploads\/2026\/02\/leggoscandinavia-oslo035.jpg","fifu_image_alt":"","footnotes":""},"categories":[5],"tags":[189,4407,1278,7175],"class_list":["post-4745","post","type-post","status-publish","format-standard","has-post-thumbnail","category-oslo","tag-baerum","tag-motociclista","tag-strada","tag-uscito"],"_links":{"self":[{"href":"https:\/\/www.leggoscandinavia.com\/index.php\/wp-json\/wp\/v2\/posts\/4745","targetHints":{"allow":["GET"]}}],"collection":[{"href":"https:\/\/www.leggoscandinavia.com\/index.php\/wp-json\/wp\/v2\/posts"}],"about":[{"href":"https:\/\/www.leggoscandinavia.com\/index.php\/wp-json\/wp\/v2\/types\/post"}],"author":[{"embeddable":true,"href":"https:\/\/www.leggoscandinavia.com\/index.php\/wp-json\/wp\/v2\/users\/2"}],"replies":[{"embeddable":true,"href":"https:\/\/www.leggoscandinavia.com\/index.php\/wp-json\/wp\/v2\/comments?post=4745"}],"version-history":[{"count":0,"href":"https:\/\/www.leggoscandinavia.com\/index.php\/wp-json\/wp\/v2\/posts\/4745\/revisions"}],"wp:featuredmedia":[{"embeddable":true,"href":"https:\/\/www.leggoscandinavia.com\/index.php\/wp-json\/wp\/v2\/media\/4746"}],"wp:attachment":[{"href":"https:\/\/www.leggoscandinavia.com\/index.php\/wp-json\/wp\/v2\/media?parent=4745"}],"wp:term":[{"taxonomy":"category","embeddable":true,"href":"https:\/\/www.leggoscandinavia.com\/index.php\/wp-json\/wp\/v2\/categories?post=4745"},{"taxonomy":"post_tag","embeddable":true,"href":"https:\/\/www.leggoscandinavia.com\/index.php\/wp-json\/wp\/v2\/tags?post=4745"}],"curies":[{"name":"wp","href":"https:\/\/api.w.org\/{rel}","templated":true}]}}