{"id":4323,"date":"2026-05-03T15:09:00","date_gmt":"2026-05-03T13:09:00","guid":{"rendered":"https:\/\/www.leggoscandinavia.com\/index.php\/2026\/05\/03\/okern-i-sospetti-hanno-15-e-16-anni\/"},"modified":"2026-05-03T15:09:00","modified_gmt":"2026-05-03T13:09:00","slug":"okern-i-sospetti-hanno-15-e-16-anni","status":"publish","type":"post","link":"https:\/\/www.leggoscandinavia.com\/index.php\/2026\/05\/03\/okern-i-sospetti-hanno-15-e-16-anni\/","title":{"rendered":"\u00d8kern: I sospetti hanno 15 e 16 anni"},"content":{"rendered":"<h3>Sparatoria a Oslo: Due Giovani Arrestati per Omicidio<\/h3>\n<p>Il 26 aprile scorso, un uomo di vent&#8217;anni \u00e8 stato tragicamente colpito e ucciso nel quartiere di \u00d8kern a Oslo. Questo incidente ha scosso la comunit\u00e0 locale e ha sollevato interrogativi sulle questioni di sicurezza e violenza armata nella capitale norvegese.<\/p>\n<p>Nel corso delle indagini, la polizia ha annunciato sabato che due giovani sospettati sono stati arrestati in Svezia. Secondo le informazioni riportate da SVT, i due ragazzi hanno rispettivamente 15 e 16 anni. Questi arresti segnalano un importante passo avanti nella risoluzione del caso, ma sollevano anche ulteriori domande sulla crescente violenza giovanile nella regione.<\/p>\n<p>Le autorit\u00e0 norvegesi non hanno fornito dettagli completi sulle circostanze dell&#8217;omicidio di \u00d8kern, ma hanno confermato che i due giovani arrestati sono anche accusati di un\u2019altra sparatoria avvenuta a Norrk\u00f6ping, in Svezia, dove un uomo di vent&#8217;anni ha perso la vita. Questo legame tra i due eventi suggerisce una possibile rete di attivit\u00e0 criminali transfrontaliere che coinvolge i giovani nelle violenze.<\/p>\n<p>La crescente incidenza della violenza giovanile in Scandinavia \u00e8 un fenomeno allarmante. Negli ultimi anni, molti paesi della regione hanno visto un aumento delle sparatorie e degli atti di violenza legati a bande giovanili. Questi eventi hanno spinto le autorit\u00e0 a intensificare le loro strategie di prevenzione, cercando di affrontare le cause profonde della violenza.<\/p>\n<p>Gli esperti avvertono che \u00e8 fondamentale affrontare questi problemi alla radice, investendo in programmi di educazione e integrazione sociale, cos\u00ec come in misure preventive per tenere i giovani lontani dalla criminalit\u00e0. \u00c8 necessario sviluppare infrastrutture sociali che possano offrire opportunit\u00e0 di svago e crescita personale, riducendo cos\u00ec il rischio che i giovani cadano nella trappola della violenza e della criminalit\u00e0.<\/p>\n<p>Inoltre, la situazione evidenzia la necessit\u00e0 di una cooperazione internazionale pi\u00f9 forte tra la Norvegia e la Svezia, non solo per combattere il crimine, ma anche per affrontare le sfide sociali comuni. La mobilit\u00e0 tra i due paesi rende necessaria una risposta coordinata alle minacce che si presentano.<\/p>\n<p>La comunit\u00e0 di \u00d8kern, ora in lutto per la perdita del giovane, chiede giustizia e una maggiore sicurezza. La sensazione di vulnerabilit\u00e0 cresce quando si sente che la violenza pu\u00f2 colpire chiunque, in qualsiasi momento. Le autorit\u00e0 locali devono ascoltare le preoccupazioni dei cittadini e rispondere con misure concrete che possano ricostruire la fiducia e garantire un ambiente sicuro.<\/p>\n<p>La questione della violenza giovanile \u00e8 complessa e richiede un approccio multifattoriale. \u00c8 necessario coinvolgere non solo le forze dell&#8217;ordine, ma anche le scuole, le famiglie e le organizzazioni giovanili per sviluppare strategie efficaci. La consapevolezza della comunit\u00e0 \u00e8 un altro elemento chiave; i cittadini devono essere incoraggiati a segnalare attivit\u00e0 sospette e a partecipare attivamente alla creazione di un ambiente pi\u00f9 sicuro.<\/p>\n<p>Infine, \u00e8 cruciale che i media trattino queste notizie con responsabilit\u00e0, evitando di alimentare narrazioni sensazionalistiche che potrebbero stigmatizzare intere comunit\u00e0 o gruppi di giovani. Invece, dovrebbe esserci un focus maggiore sulle storie di resilienza e sui successi ottenuti nel contrastare la violenza giovanile.<\/p>\n<p>In conclusione, la sparatoria di \u00d8kern \u00e8 una triste rappresentazione della sfida pi\u00f9 ampia che affronta la societ\u00e0 contemporanea. \u00c8 un richiamo all\u2019azione per tutti noi: non solo per le autorit\u00e0 e le istituzioni, ma anche per ogni singolo cittadino. La lotta contro la violenza e la criminalit\u00e0 giovanile richiede un impegno collettivo, una volont\u00e0 comune di creare un futuro pi\u00f9 sicuro e promettente per le nuove generazioni. Le autorit\u00e0 devono agire rapidamente, ma con saggezza, per prevenire il ripetersi di tali tragedie.<\/p>\n<p>#leggoscandinavia<\/p>\n","protected":false},"excerpt":{"rendered":"<p>Sparatoria a Oslo: Due Giovani Arrestati per Omicidio Il 26 aprile scorso, un uomo di vent&#8217;anni \u00e8 stato tragicamente colpito e ucciso nel quartiere di \u00d8kern a Oslo. Questo incidente ha scosso la comunit\u00e0 locale e ha sollevato interrogativi sulle questioni di sicurezza e violenza armata nella capitale norvegese. Nel corso delle indagini, la polizia [&hellip;]<\/p>\n","protected":false},"author":2,"featured_media":4324,"comment_status":"","ping_status":"","sticky":false,"template":"","format":"standard","meta":{"fifu_image_url":"https:\/\/www.leggoscandinavia.com\/wp-content\/uploads\/2026\/02\/leggoscandinavia-oslo015.jpg","fifu_image_alt":"","footnotes":""},"categories":[5],"tags":[647,557,1277,5229],"class_list":["post-4323","post","type-post","status-publish","format-standard","has-post-thumbnail","category-oslo","tag-anni","tag-hanno","tag-okern","tag-sospetti"],"_links":{"self":[{"href":"https:\/\/www.leggoscandinavia.com\/index.php\/wp-json\/wp\/v2\/posts\/4323","targetHints":{"allow":["GET"]}}],"collection":[{"href":"https:\/\/www.leggoscandinavia.com\/index.php\/wp-json\/wp\/v2\/posts"}],"about":[{"href":"https:\/\/www.leggoscandinavia.com\/index.php\/wp-json\/wp\/v2\/types\/post"}],"author":[{"embeddable":true,"href":"https:\/\/www.leggoscandinavia.com\/index.php\/wp-json\/wp\/v2\/users\/2"}],"replies":[{"embeddable":true,"href":"https:\/\/www.leggoscandinavia.com\/index.php\/wp-json\/wp\/v2\/comments?post=4323"}],"version-history":[{"count":0,"href":"https:\/\/www.leggoscandinavia.com\/index.php\/wp-json\/wp\/v2\/posts\/4323\/revisions"}],"wp:featuredmedia":[{"embeddable":true,"href":"https:\/\/www.leggoscandinavia.com\/index.php\/wp-json\/wp\/v2\/media\/4324"}],"wp:attachment":[{"href":"https:\/\/www.leggoscandinavia.com\/index.php\/wp-json\/wp\/v2\/media?parent=4323"}],"wp:term":[{"taxonomy":"category","embeddable":true,"href":"https:\/\/www.leggoscandinavia.com\/index.php\/wp-json\/wp\/v2\/categories?post=4323"},{"taxonomy":"post_tag","embeddable":true,"href":"https:\/\/www.leggoscandinavia.com\/index.php\/wp-json\/wp\/v2\/tags?post=4323"}],"curies":[{"name":"wp","href":"https:\/\/api.w.org\/{rel}","templated":true}]}}