{"id":4319,"date":"2026-05-03T13:50:00","date_gmt":"2026-05-03T11:50:00","guid":{"rendered":"https:\/\/www.leggoscandinavia.com\/index.php\/2026\/05\/03\/la-famiglia-costretta-a-vendere-la-propria-casa-dopo-una-ristrutturazione-non-completata\/"},"modified":"2026-05-03T13:50:00","modified_gmt":"2026-05-03T11:50:00","slug":"la-famiglia-costretta-a-vendere-la-propria-casa-dopo-una-ristrutturazione-non-completata","status":"publish","type":"post","link":"https:\/\/www.leggoscandinavia.com\/index.php\/2026\/05\/03\/la-famiglia-costretta-a-vendere-la-propria-casa-dopo-una-ristrutturazione-non-completata\/","title":{"rendered":"La famiglia costretta a vendere la propria casa dopo una ristrutturazione non completata"},"content":{"rendered":"<h3>Una Casa da Sogno in Vendita a G\u00f6teborg<\/h3>\n<p>Recentemente \u00e8 stata messa in vendita una meravigliosa &#8220;trilocale ristrutturato con una grande terrazza&#8221; nel quartiere di Majorna, a G\u00f6teborg. Questa propriet\u00e0 ha attirato l\u2019attenzione non solo per il suo design moderno e accogliente, ma anche per la splendida vista che offre sulla vivace vita di strada sottostante. Tuttavia, dietro a questa affascinante vetrina si nasconde una storia toccante che coinvolge una famiglia e la loro speranza di tornare a casa.<\/p>\n<p>Fredrik Alfredsson si trova proprio l\u00ec, in strada, vicino a quella che era la casa della sua famiglia fino a un anno fa. Un tempo, il trilocale era un rifugio sicuro e confortevole per loro, pieno di ricordi e momenti condivisi. Dopo un intervento di ristrutturazione, erano stati assicurati dal proprietario dell\u2019immobile che avrebbero potuto tornare quando i lavori fossero stati completati. Questa promessa ha alimentato le loro aspettative e sogni di riappropriarsi di quello spazio, che tanto significava per loro.<\/p>\n<p>Tuttavia, la realt\u00e0 ha preso una piega inaspettata. Con grande sorpresa e disappunto, Fredrik e la sua famiglia hanno scoperto che l&#8217;appartamento non sarebbe stato restituito, ma bens\u00ec messo all&#8217;asta per il miglior offerente. La pubblicazione dell&#8217;annuncio ha colpito la famiglia come un fulmine a ciel sereno, facendo svanire le speranze di un ritorno a casa in un baleno.<\/p>\n<p>La notizia ha sollevato numerosi interrogativi e ha gettato un\u2019ombra su una situazione gi\u00e0 complessa. Molte famiglie come quella di Fredrik si trovano ad affrontare l\u2019incertezza del mercato immobiliare, in balia di decisioni che sfuggono al loro controllo. La crescente domanda di abitazioni nel quartiere ha portato a una corsa all&#8217;acquisto che va ben oltre le possibilit\u00e0 economiche di molte persone. <\/p>\n<p>In questo contesto, Majorna sta vivendo una trasformazione. Un tempo un quartiere popolare, ora \u00e8 in fase di gentrificazione, attirando nuovi residenti alla ricerca di spazio e comfort, ma a spese di chi ha sempre vissuto l\u00ec. Le case storiche vengono ristrutturate e vendute a prezzi che le famiglie di lunga data ben difficilmente possono permettersi.<\/p>\n<p>La storia di Fredrik non \u00e8 un caso isolato. Molti altri si trovano nella stessa situazione, rimasti a guardare i propri sogni svanire mentre nuovi residenti entrano nel quartiere. Il cambiamento, purtroppo, porta con s\u00e9 inevitabili conseguenze sociali, contribuendo a una crescente disuguaglianza. I legami comunitari si rompono e lo spirito di vicinato che un tempo caratterizzava Majorna viene messo a dura prova.<\/p>\n<p>Ma la storia di Fredrik non \u00e8 solo una narrazione di perdita; \u00e8 anche una testimonianza della resilienza umana. Nonostante il dolore e la frustrazione, la sua famiglia non si arrende. Hanno deciso di mobilitarsi e lottare per i propri diritti, cercando di comprendere le opzioni legali e le possibilit\u00e0 di riacquisire il loro ex appartamento. Questo desiderio di giustizia non \u00e8 solo per loro stessi, ma per tutte le famiglie che, nel loro quartiere, stanno affrontando sfide simili.<\/p>\n<p>Inoltre, la situazione ha suscitato un dibattito pi\u00f9 ampio sull\u2019importanza di proteggere gli affitti e i diritti degli inquilini, in un\u2019epoca in cui il mercato immobiliare sembra prioritizzare il profitto a discapito dei legami sociali e della stabilit\u00e0 delle famiglie. Cosa possiamo fare per garantire che posti come Majorna rimangano accessibili a tutti? \u00c8 una domanda che richiede attenzione e azione collettiva.<\/p>\n<p>La casa in vendita simboleggia cos\u00ec non solo un cambiamento nella geografia urbana, ma anche un cambiamento nei racconti e nelle vite delle persone. Mentre Fredrik e la sua famiglia lottano per ci\u00f2 che considerano giusto, il quartiere di Majorna continua ad evolversi, sfidando tutti noi a riflettere su cosa significhi veramente &#8220;casa.&#8221;<\/p>\n<p>In definitiva, la storia di Fredrik Alfredsson \u00e8 un esempio del modo in cui il mercato immobiliare pu\u00f2 influenzare vite e comunit\u00e0. La speranza \u00e8 che le voci di chi vive queste esperienze possano essere ascoltate, promuovendo un dialogo che possa portare a soluzioni pi\u00f9 eque e sostenibili per tutti.<\/p>\n<p>#leggoscandinavia<\/p>\n","protected":false},"excerpt":{"rendered":"<p>Una Casa da Sogno in Vendita a G\u00f6teborg Recentemente \u00e8 stata messa in vendita una meravigliosa &#8220;trilocale ristrutturato con una grande terrazza&#8221; nel quartiere di Majorna, a G\u00f6teborg. Questa propriet\u00e0 ha attirato l\u2019attenzione non solo per il suo design moderno e accogliente, ma anche per la splendida vista che offre sulla vivace vita di strada [&hellip;]<\/p>\n","protected":false},"author":2,"featured_media":4320,"comment_status":"","ping_status":"","sticky":false,"template":"","format":"standard","meta":{"fifu_image_url":"https:\/\/www.leggoscandinavia.com\/wp-content\/uploads\/2026\/02\/leggoscandinavia-stoccolma010.jpg","fifu_image_alt":"","footnotes":""},"categories":[7],"tags":[375,6761,3762,149,495,2712,1273,54,6760],"class_list":["post-4319","post","type-post","status-publish","format-standard","has-post-thumbnail","category-stoccolma","tag-casa","tag-completata","tag-costretta","tag-dopo","tag-famiglia","tag-propria","tag-ristrutturazione","tag-una","tag-vendere"],"_links":{"self":[{"href":"https:\/\/www.leggoscandinavia.com\/index.php\/wp-json\/wp\/v2\/posts\/4319","targetHints":{"allow":["GET"]}}],"collection":[{"href":"https:\/\/www.leggoscandinavia.com\/index.php\/wp-json\/wp\/v2\/posts"}],"about":[{"href":"https:\/\/www.leggoscandinavia.com\/index.php\/wp-json\/wp\/v2\/types\/post"}],"author":[{"embeddable":true,"href":"https:\/\/www.leggoscandinavia.com\/index.php\/wp-json\/wp\/v2\/users\/2"}],"replies":[{"embeddable":true,"href":"https:\/\/www.leggoscandinavia.com\/index.php\/wp-json\/wp\/v2\/comments?post=4319"}],"version-history":[{"count":0,"href":"https:\/\/www.leggoscandinavia.com\/index.php\/wp-json\/wp\/v2\/posts\/4319\/revisions"}],"wp:featuredmedia":[{"embeddable":true,"href":"https:\/\/www.leggoscandinavia.com\/index.php\/wp-json\/wp\/v2\/media\/4320"}],"wp:attachment":[{"href":"https:\/\/www.leggoscandinavia.com\/index.php\/wp-json\/wp\/v2\/media?parent=4319"}],"wp:term":[{"taxonomy":"category","embeddable":true,"href":"https:\/\/www.leggoscandinavia.com\/index.php\/wp-json\/wp\/v2\/categories?post=4319"},{"taxonomy":"post_tag","embeddable":true,"href":"https:\/\/www.leggoscandinavia.com\/index.php\/wp-json\/wp\/v2\/tags?post=4319"}],"curies":[{"name":"wp","href":"https:\/\/api.w.org\/{rel}","templated":true}]}}