{"id":1939,"date":"2026-03-18T16:14:00","date_gmt":"2026-03-18T15:14:00","guid":{"rendered":"https:\/\/www.leggoscandinavia.com\/index.php\/2026\/03\/18\/emergenza-dichiarata-a-tenerife-per-la-tempesta-therese-a-100-km-h\/"},"modified":"2026-03-18T16:14:00","modified_gmt":"2026-03-18T15:14:00","slug":"emergenza-dichiarata-a-tenerife-per-la-tempesta-therese-a-100-km-h","status":"publish","type":"post","link":"https:\/\/www.leggoscandinavia.com\/index.php\/2026\/03\/18\/emergenza-dichiarata-a-tenerife-per-la-tempesta-therese-a-100-km-h\/","title":{"rendered":"Emergenza dichiarata a Tenerife per la tempesta Therese a 100 km\/h"},"content":{"rendered":"<h3>Maltempo in arrivo a Tenerife: dichiarato stato di emergenza<\/h3>\n<p>La Tempesta Therese si sta avvicinando e le autorit\u00e0 di Tenerife hanno dichiarato uno stato di emergenza in attesa del suo arrivo sull&#8217;isola. Le previsioni indicano mari agitati e intense precipitazioni nei prossimi giorni. Per questo motivo, \u00e8 stato emesso un avviso di emergenza valido da oggi fino a data da destinarsi, a causa delle condizioni stradali pericolose che si preannunciano.<\/p>\n<p>Gran parte delle strade principali sono state chiuse, e sono stati istituiti divieti per i percorsi escursionistici, inclusi i sentieri del Parco Nazionale del Teide. Tutti gli eventi all&#8217;aperto sono stati sospesi per garantire la sicurezza della popolazione e dei visitatori. <\/p>\n<p>Blanca P\u00e9rez, assessore alla Sicurezza e alle Emergenze, ha dichiarato che le autorit\u00e0 stanno lavorando per prevedere eventuali emergenze e rispondere prontamente anche in condizioni meteorologiche avverse. Il governo sta monitorando la costa, le infrastrutture e i punti critici conosciuti per eventuali rischi, consigliando ai residenti e ai turisti di evitare viaggi non necessari e di mettere in sicurezza gli oggetti all&#8217;aperto che potrebbero essere sollevati dal vento.<\/p>\n<p>Le raffiche di vento potrebbero arrivare fino a 96 km\/h, mentre alcune zone dell&#8217;isola potrebbero registrare fino a 28 cm di pioggia. Queste condizioni meteo possono creare seri problemi di sicurezza e richiedono un approccio responsabile da parte di tutti.<\/p>\n<p>La presidente di Tenerife, Rosa D\u00e1vila, ha aggiunto: \u00abA partire da oggi alle 15:00, il sistema di risposta alle emergenze dell&#8217;isola \u00e8 attivo per prepararsi a un episodio di maltempo che influenzer\u00e0 Tenerife nei prossimi giorni\u00bb. Le previsioni avvertono che anche le altre isole Canarie saranno interessate da avvisi meteo gialli, con venti intensi e mari agitati.<\/p>\n<p>Nel frattempo, in Gran Bretagna, il clima \u00e8 decisamente pi\u00f9 mite, con temperature pi\u00f9 calde che si registrano in gran parte dell&#8217;Inghilterra e del Galles. Secondo il Met Office, la giornata pi\u00f9 calda dell&#8217;anno finora ha raggiunto i 19,2\u00b0C a Londra nei primi di marzo. Si prevede che oggi le temperature possano toccare i 20\u00b0C nel Galles occidentale, un gradito sollievo rispetto alla recente ondata di freddo.<\/p>\n<p>Entrando nel dettaglio, la primavera meteorologica in Gran Bretagna inizia il 1\u00b0 marzo e termina il 31 maggio. Le previsioni di bel tempo sono alimentate da venti meridionali caldi e alta pressione, oltre a un fenomeno noto come effetto Foehn. Questo fenomeno si verifica quando venti provenienti da est e sud-est scorrono su aree di alta montagna, riscaldandosi adiabaticamente.<\/p>\n<p>Dopo una serie di avvisi gialli per neve e ghiaccio che avevano colpito aree a nord di Stirling e nei dintorni di Fort William, questo clima pi\u00f9 mite \u00e8 un gradito cambiamento per i britannici, che avevano dovuto affrontare diverse settimane di temperature rigide.<\/p>\n<p>Per l&#8217;isola di Tenerife, la situazione \u00e8 molto diversa. Le autorit\u00e0 locali esortano i residenti a rimanere vigili e preparati ai cambiamenti del meteo, con l\u2019importanza di rimanere in contatto con i mezzi di comunicazione per aggiornamenti costanti sulle condizioni meteorologiche e sulla sicurezza. \u00c8 fondamentale che tutti, dalla popolazione locale ai turisti, agiscano con cautela e seguano i consigli delle autorit\u00e0.<\/p>\n<p>In questi momenti di emergenza climatica, la cooperazione e la sensibilizzazione della comunit\u00e0 sono essenziali per garantire che tutti siano al sicuro. La tempestivit\u00e0 e l\u2019efficacia nel comunicare informazioni e avvisi saranno cruciali per affrontare questi eventi meteorologici estremi.<\/p>\n<p>In conclusione, mentre Tenerife si prepara ad affrontare le sfide portate dalla Tempesta Therese, il resto del mondo osserva. La sicurezza e il benessere di tutti i cittadini devono rimanere la priorit\u00e0 principale.<\/p>\n<p>#leggoscandinavia<\/p>\n","protected":false},"excerpt":{"rendered":"<p>Maltempo in arrivo a Tenerife: dichiarato stato di emergenza La Tempesta Therese si sta avvicinando e le autorit\u00e0 di Tenerife hanno dichiarato uno stato di emergenza in attesa del suo arrivo sull&#8217;isola. Le previsioni indicano mari agitati e intense precipitazioni nei prossimi giorni. Per questo motivo, \u00e8 stato emesso un avviso di emergenza valido da [&hellip;]<\/p>\n","protected":false},"author":2,"featured_media":1174,"comment_status":"","ping_status":"","sticky":false,"template":"","format":"standard","meta":{"fifu_image_url":"","fifu_image_alt":"","footnotes":""},"categories":[18],"tags":[3489,2168,3492,1004,3490,3491],"class_list":["post-1939","post","type-post","status-publish","format-standard","has-post-thumbnail","category-mondo","tag-dichiarata","tag-emergenza","tag-kmh","tag-tempesta","tag-tenerife","tag-therese"],"_links":{"self":[{"href":"https:\/\/www.leggoscandinavia.com\/index.php\/wp-json\/wp\/v2\/posts\/1939","targetHints":{"allow":["GET"]}}],"collection":[{"href":"https:\/\/www.leggoscandinavia.com\/index.php\/wp-json\/wp\/v2\/posts"}],"about":[{"href":"https:\/\/www.leggoscandinavia.com\/index.php\/wp-json\/wp\/v2\/types\/post"}],"author":[{"embeddable":true,"href":"https:\/\/www.leggoscandinavia.com\/index.php\/wp-json\/wp\/v2\/users\/2"}],"replies":[{"embeddable":true,"href":"https:\/\/www.leggoscandinavia.com\/index.php\/wp-json\/wp\/v2\/comments?post=1939"}],"version-history":[{"count":0,"href":"https:\/\/www.leggoscandinavia.com\/index.php\/wp-json\/wp\/v2\/posts\/1939\/revisions"}],"wp:featuredmedia":[{"embeddable":true,"href":"https:\/\/www.leggoscandinavia.com\/index.php\/wp-json\/wp\/v2\/media\/1174"}],"wp:attachment":[{"href":"https:\/\/www.leggoscandinavia.com\/index.php\/wp-json\/wp\/v2\/media?parent=1939"}],"wp:term":[{"taxonomy":"category","embeddable":true,"href":"https:\/\/www.leggoscandinavia.com\/index.php\/wp-json\/wp\/v2\/categories?post=1939"},{"taxonomy":"post_tag","embeddable":true,"href":"https:\/\/www.leggoscandinavia.com\/index.php\/wp-json\/wp\/v2\/tags?post=1939"}],"curies":[{"name":"wp","href":"https:\/\/api.w.org\/{rel}","templated":true}]}}