{"id":1902,"date":"2026-03-17T23:33:00","date_gmt":"2026-03-17T22:33:00","guid":{"rendered":"https:\/\/www.leggoscandinavia.com\/index.php\/2026\/03\/17\/bjorn-af-kleen-le-testimonianze-di-kent-scuotono-il-apparato-bellico-di-trump\/"},"modified":"2026-03-17T23:33:00","modified_gmt":"2026-03-17T22:33:00","slug":"bjorn-af-kleen-le-testimonianze-di-kent-scuotono-il-apparato-bellico-di-trump","status":"publish","type":"post","link":"https:\/\/www.leggoscandinavia.com\/index.php\/2026\/03\/17\/bjorn-af-kleen-le-testimonianze-di-kent-scuotono-il-apparato-bellico-di-trump\/","title":{"rendered":"Bj\u00f6rn af Kleen: Le testimonianze di Kent scuotono il apparato bellico di Trump"},"content":{"rendered":"<p><strong>La Riflessione sulle Dimissioni del Capo Antiterrorismo di Trump: Un Segnale di Protesta contro la Guerra in Iran<\/strong><\/p>\n<p>NEW YORK. In un momento di crescente tensione geopolitica, le dimissioni del capo antiterrorismo dell&#8217;amministrazione Trump hanno suscitato un\u2019onda di preoccupazione e riflessione. Questo gesto, chiaramente simbolico, evidenzia una frattura significativa all&#8217;interno dell&#8217;apparato governativo e rivela il profondo dissenso rispetto alle politiche belliche statunitensi, in particolare riguardo alla situazione in Iran.<\/p>\n<p>Il capo antiterrorismo, la cui identit\u00e0 \u00e8 stata mantenuta riservata per ragioni di sicurezza, ha presentato le sue dimissioni con un comunicato che sottolinea il suo disaccordo con le attuali decisioni strategiche del governo. La scelta di dimettersi in un momento cos\u00ec critico non \u00e8 stata presa alla leggera; riflette una crescente preoccupazione tra i funzionari governativi riguardo alla direzione della politica estera americana.<\/p>\n<p>Il clima politico attuale \u00e8 caratterizzato da un&#8217;intensa polarizzazione, e l&#8217;amministrazione Trump non \u00e8 esente da critiche. Le azioni intraprese nei confronti dell&#8217;Iran sono state oggetto di un acceso dibattito. Da un lato, i sostenitori delle misure aggressive sostengono che siano necessarie per garantire la sicurezza nazionale e contrastare le minacce all\u2019Occidente. Dall&#8217;altro, i critici avvertono che un escalation conflittuale potrebbe portare a conseguenze devastanti non solo per la regione mediorientale, ma anche per gli interessi americani in tutto il mondo.<\/p>\n<p>Le dimissioni del capo antiterrorismo si inseriscono in una serie di eventi tumultuosi che caratterizzano l\u2019amministrazione Trump. Le dichiarazioni bellicose, i toni sempre pi\u00f9 alti e le sanzioni nei confronti di Teheran hanno innescato una reazione a catena che ha sollevato interrogativi sulla sostenibilit\u00e0 di un approccio tanto aggressivo. Molti esperti avvertono che un conflitto armato con l&#8217;Iran potrebbe avere ripercussioni economiche e umanitarie impreviste, minando gli sforzi di pace e stabilit\u00e0 gi\u00e0 fragili nella regione.<\/p>\n<p>Inoltre, le dimissioni di un alto funzionario come il capo antiterrorismo indicano una crescente insoddisfazione tra i ranghi militari e della sicurezza nazionale. La sua decisione di lasciare il proprio incarico rappresenta un segnale chiaro di disapprovazione per le politiche di guerra, suggerendo che anche all\u2019interno della burocrazia governativa ci siano voci che si oppongono a un escalation militare.<\/p>\n<p>Parlando di norme e principi etici, le dimissioni incitano una riflessione pi\u00f9 ampia sui costi umani delle guerre moderne. Ogni conflitto porta con s\u00e9 una miriade di conseguenze, a partire dalla perdita di vite umane fino alla destabilizzazione di interi Paesi. Perci\u00f2, la responsabilit\u00e0 di prendere decisioni informate e ponderate in merito all\u2019uso della forza deve essere presa con la massima seriet\u00e0.<\/p>\n<p>L\u2019incredibile complessit\u00e0 della situazione in Iran richiede un approccio strategico intelligente e multifaccia. Le risposte unilaterali e aggressive non solo falliscono nel risolvere le tensioni, ma possono amplificare il conflitto e creare nuove crisi. In questo contesto, le dimissioni del capo antiterrorismo possono essere interpretate come un appello a riconsiderare le strategie attuate e a optare per un dialogo costruttivo piuttosto che per le armi.<\/p>\n<p>In sintesi, le dimissioni del capo antiterrorismo dell\u2019amministrazione Trump non sono solo un episodio di protesta individuale, ma un riflesso delle crescenti ansie e dei profondi dissensi che caratterizzano la politica americana attuale. L\u2019auspicio \u00e8 che queste dinamiche interne possano portare a una riconsiderazione delle politiche estere e a un rinnovato impegno verso soluzioni pacifiche. Solo attraverso il dialogo e il rispetto reciproco sar\u00e0 possibile sperare in un futuro di stabilit\u00e0 e sicurezza per la regione e il mondo intero.<\/p>\n<p>In un contesto in cui le voci critiche si fanno sempre pi\u00f9 forti, \u00e8 imperativo che i leader ascoltino e riflettano su tali segni di dissenso. La pace duratura richiede coraggio, ma soprattutto saggezza e una volont\u00e0 genuina di comprendere le complessit\u00e0 del palcoscenico mondiale.<\/p>\n<p>#leggoscandinavia<\/p>\n","protected":false},"excerpt":{"rendered":"<p>La Riflessione sulle Dimissioni del Capo Antiterrorismo di Trump: Un Segnale di Protesta contro la Guerra in Iran NEW YORK. In un momento di crescente tensione geopolitica, le dimissioni del capo antiterrorismo dell&#8217;amministrazione Trump hanno suscitato un\u2019onda di preoccupazione e riflessione. Questo gesto, chiaramente simbolico, evidenzia una frattura significativa all&#8217;interno dell&#8217;apparato governativo e rivela il [&hellip;]<\/p>\n","protected":false},"author":2,"featured_media":610,"comment_status":"","ping_status":"","sticky":false,"template":"","format":"standard","meta":{"fifu_image_url":"","fifu_image_alt":"","footnotes":""},"categories":[7],"tags":[3397,3398,3392,3395,3393,3396,3394,666],"class_list":["post-1902","post","type-post","status-publish","format-standard","has-post-thumbnail","category-stoccolma","tag-apparato","tag-bellico","tag-bjorn","tag-kent","tag-kleen","tag-scuotono","tag-testimonianze","tag-trump"],"_links":{"self":[{"href":"https:\/\/www.leggoscandinavia.com\/index.php\/wp-json\/wp\/v2\/posts\/1902","targetHints":{"allow":["GET"]}}],"collection":[{"href":"https:\/\/www.leggoscandinavia.com\/index.php\/wp-json\/wp\/v2\/posts"}],"about":[{"href":"https:\/\/www.leggoscandinavia.com\/index.php\/wp-json\/wp\/v2\/types\/post"}],"author":[{"embeddable":true,"href":"https:\/\/www.leggoscandinavia.com\/index.php\/wp-json\/wp\/v2\/users\/2"}],"replies":[{"embeddable":true,"href":"https:\/\/www.leggoscandinavia.com\/index.php\/wp-json\/wp\/v2\/comments?post=1902"}],"version-history":[{"count":0,"href":"https:\/\/www.leggoscandinavia.com\/index.php\/wp-json\/wp\/v2\/posts\/1902\/revisions"}],"wp:featuredmedia":[{"embeddable":true,"href":"https:\/\/www.leggoscandinavia.com\/index.php\/wp-json\/wp\/v2\/media\/610"}],"wp:attachment":[{"href":"https:\/\/www.leggoscandinavia.com\/index.php\/wp-json\/wp\/v2\/media?parent=1902"}],"wp:term":[{"taxonomy":"category","embeddable":true,"href":"https:\/\/www.leggoscandinavia.com\/index.php\/wp-json\/wp\/v2\/categories?post=1902"},{"taxonomy":"post_tag","embeddable":true,"href":"https:\/\/www.leggoscandinavia.com\/index.php\/wp-json\/wp\/v2\/tags?post=1902"}],"curies":[{"name":"wp","href":"https:\/\/api.w.org\/{rel}","templated":true}]}}