{"id":11835,"date":"2026-09-06T19:24:00","date_gmt":"2026-09-06T17:24:00","guid":{"rendered":"https:\/\/www.leggoscandinavia.com\/index.php\/2026\/09\/06\/passeggero-di-un-volo-american-airlines-bloccato-con-nastro-adesivo-dopo-una-crisi-razzista-rivelata\/"},"modified":"2026-09-06T19:24:00","modified_gmt":"2026-09-06T17:24:00","slug":"passeggero-di-un-volo-american-airlines-bloccato-con-nastro-adesivo-dopo-una-crisi-razzista-rivelata","status":"publish","type":"post","link":"https:\/\/www.leggoscandinavia.com\/index.php\/2026\/09\/06\/passeggero-di-un-volo-american-airlines-bloccato-con-nastro-adesivo-dopo-una-crisi-razzista-rivelata\/","title":{"rendered":"Passeggero di un volo American Airlines bloccato con nastro adesivo dopo una \u2018crisi razzista\u2019 rivelata"},"content":{"rendered":"<h3>L&#8217;Usare della Violenza e l&#8217;Intolleranza in Volo: La Storia di Arthur Lundeen<\/h3>\n<p>Arthur Lundeen, 67 anni, \u00e8 diventato protagonista di una notizia sconcertante dopo essere stato ammanettato e legato al suo seggiolino con del nastro adesivo durante un volo. Questa situazione ha avuto luogo il 3 settembre a bordo del volo 618 della American Airlines, e ha portato alla sua immediata destituzione dalla carica di vicepresidente presso Long Realty, un&#8217;agenzia immobiliare con sede a Tucson.<\/p>\n<p>Lundeen \u00e8 stato licenziato a seguito di un presunto sfogo razzista e omofobo che ha avuto luogo durante il volo. Secondo quanto riferito, avrebbe rivolto insulti razzisti a un&#8217;assistente di volo, utilizzando persino il termine offensivo &#8216;N&#8217; per descriverla. Altri passeggeri hanno cercato di intervenire, ma Lundeen avrebbe spinto una donna che tentava di aiutarlo, scatenando la reazione di altri tre uomini a bordo che si sono alzati per cercare di fermarlo.<\/p>\n<p>Nell&#8217;intento di contenerlo, il personale di bordo ha fornito a questi uomini fascette e nastro adesivo per immobilizzare Lundeen, il quale ha reagito mordendo un passeggero e tentando di fare lo stesso con un altro. Juan Mejia, un ex agente di polizia, stava tornando a casa dopo una fiera di armi quando ha descritto come, all&#8217;improvviso, l&#8217;atmosfera tranquilla si sia trasformata in caos e urla. <\/p>\n<p>Grazie alla collaborazione con un altro passeggero, Richard Olenick, Mejia \u00e8 riuscito a immobilizzare Lundeen utilizzando le fascette e il nastro adesivo, evitando cos\u00ec che la situazione degenerasse ulteriormente. &#8220;Era come se l&#8217;intero volo fosse passato da un momento di calma a una tempesta&#8221;, ha spiegato Mejia.<\/p>\n<p>Long Realty ha preso immediatamente provvedimenti dopo l&#8217;incidente, affermando che il comportamento di Lundeen non riflette i valori dell\u2019agenzia. Kevin Kaplan, CEO di Long Companies, ha dichiarato: &#8220;Sebbene gli agenti immobiliari siano lavoratori autonomi, la condotta appropriata di chiunque sia associato a Long Realty \u00e8 fondamentale per noi. Pertanto, l&#8217;individuo in questione non \u00e8 pi\u00f9 associato a Long Realty&#8221;.<\/p>\n<p>Dal canto suo, American Airlines ha ribadito di considerare la sicurezza e la protezione dei propri passeggeri e membri del team come la massima priorit\u00e0, specificando che non tollerano atti di violenza. &#8220;Ringraziamo i membri del nostro personale per la loro professionalit\u00e0 e i nostri clienti per la loro comprensione&#8221;, hanno aggiunto.<\/p>\n<p>Lundeen \u00e8 stato arrestato dalla polizia dei Trasporti del Maryland e, secondo quanto riportato da TMZ, \u00e8 stato accusato di aggressione di secondo grado e comportamento disordinato. Dopo il suo arresto, \u00e8 stato rilasciato senza cauzione e deve affrontare un processo previsto per il 19 ottobre.<\/p>\n<p>Questa vicenda solleva interrogativi importanti riguardo ai comportamenti inaccettabili che possono manifestarsi in contesti pubblici e sulle conseguenze legali a cui si pu\u00f2 andare incontro. In un&#8217;epoca in cui l&#8217;intolleranza e l&#8217;odio sembrano essere in aumento, \u00e8 fondamentale che le istituzioni, le compagnie aeree, e la societ\u00e0 in generale rafforzino le politiche di tolleranza zero nei confronti della violenza e della discriminazione.<\/p>\n<p>Incidenti come quello di Lundeen non solo mettono a repentaglio la sicurezza dei passeggeri, ma hanno anche un impatto significativo sulla vita e sulla carriera degli individui coinvolti. La decisione di Long Realty di allontanare immediatamente Lundeen dimostra che comportamenti razzisti e omofobi non saranno mai tollerati, indipendentemente dalla posizione lavorativa detenuta.<\/p>\n<p>Il processo che attende Lundeen potrebbe segnare un momento cruciale sia per lui che per tutti coloro che condividono aerei e spazi pubblici, evidenziando l&#8217;importanza di civilt\u00e0 e rispetto reciproco nel nostro vivere quotidiano. La sfida rimane quella di garantire che situazioni simili non si ripetano in futuro, e che la comunit\u00e0 lavori unita per combattere ogni forma di discriminazione.<\/p>\n<p>#leggoscandinavia<\/p>\n","protected":false},"excerpt":{"rendered":"<p>L&#8217;Usare della Violenza e l&#8217;Intolleranza in Volo: La Storia di Arthur Lundeen Arthur Lundeen, 67 anni, \u00e8 diventato protagonista di una notizia sconcertante dopo essere stato ammanettato e legato al suo seggiolino con del nastro adesivo durante un volo. Questa situazione ha avuto luogo il 3 settembre a bordo del volo 618 della American Airlines, [&hellip;]<\/p>\n","protected":false},"author":2,"featured_media":11836,"comment_status":"","ping_status":"","sticky":false,"template":"","format":"standard","meta":{"fifu_image_url":"https:\/\/www.leggoscandinavia.com\/wp-content\/uploads\/2026\/02\/leggoscandinavia-mondo013.jpg","fifu_image_alt":"","footnotes":""},"categories":[18],"tags":[9581,927,926,2017,53,624,149,9580,1673,6458,232,54,1698],"class_list":["post-11835","post","type-post","status-publish","format-standard","has-post-thumbnail","category-mondo","tag-adesivo","tag-airlines","tag-american","tag-bloccato","tag-con","tag-crisi","tag-dopo","tag-nastro","tag-passeggero","tag-razzista","tag-rivelata","tag-una","tag-volo"],"_links":{"self":[{"href":"https:\/\/www.leggoscandinavia.com\/index.php\/wp-json\/wp\/v2\/posts\/11835","targetHints":{"allow":["GET"]}}],"collection":[{"href":"https:\/\/www.leggoscandinavia.com\/index.php\/wp-json\/wp\/v2\/posts"}],"about":[{"href":"https:\/\/www.leggoscandinavia.com\/index.php\/wp-json\/wp\/v2\/types\/post"}],"author":[{"embeddable":true,"href":"https:\/\/www.leggoscandinavia.com\/index.php\/wp-json\/wp\/v2\/users\/2"}],"replies":[{"embeddable":true,"href":"https:\/\/www.leggoscandinavia.com\/index.php\/wp-json\/wp\/v2\/comments?post=11835"}],"version-history":[{"count":0,"href":"https:\/\/www.leggoscandinavia.com\/index.php\/wp-json\/wp\/v2\/posts\/11835\/revisions"}],"wp:featuredmedia":[{"embeddable":true,"href":"https:\/\/www.leggoscandinavia.com\/index.php\/wp-json\/wp\/v2\/media\/11836"}],"wp:attachment":[{"href":"https:\/\/www.leggoscandinavia.com\/index.php\/wp-json\/wp\/v2\/media?parent=11835"}],"wp:term":[{"taxonomy":"category","embeddable":true,"href":"https:\/\/www.leggoscandinavia.com\/index.php\/wp-json\/wp\/v2\/categories?post=11835"},{"taxonomy":"post_tag","embeddable":true,"href":"https:\/\/www.leggoscandinavia.com\/index.php\/wp-json\/wp\/v2\/tags?post=11835"}],"curies":[{"name":"wp","href":"https:\/\/api.w.org\/{rel}","templated":true}]}}