{"id":11801,"date":"2026-09-05T18:57:00","date_gmt":"2026-09-05T16:57:00","guid":{"rendered":"https:\/\/www.leggoscandinavia.com\/index.php\/2026\/09\/05\/riduzione-dei-tempi-di-attesa-per-il-defilamento-nel-cappella-del-palazzo-reale\/"},"modified":"2026-09-05T18:57:00","modified_gmt":"2026-09-05T16:57:00","slug":"riduzione-dei-tempi-di-attesa-per-il-defilamento-nel-cappella-del-palazzo-reale","status":"publish","type":"post","link":"https:\/\/www.leggoscandinavia.com\/index.php\/2026\/09\/05\/riduzione-dei-tempi-di-attesa-per-il-defilamento-nel-cappella-del-palazzo-reale\/","title":{"rendered":"Riduzione dei tempi di attesa per il defilamento nel Cappella del Palazzo Reale"},"content":{"rendered":"<p>Il Rifugio Reale: Una giornata al Cappella del Palazzo<\/p>\n<p>Lo scorso sabato, il Cappella del Palazzo ha accolto circa 4500 visitatori fino alle 18:30. Questo prestigioso luogo ha attratto un numero incredibile di persone, desiderose di scoprire la sua bellezza e la sua storia. Tuttavia, la visita non \u00e8 stata priva di sfide, poich\u00e9 durante la mattinata sono stati segnalati tempi di attesa fino a sette ore. Fortunatamente, con il progredire della giornata, la situazione \u00e8 migliorata notevolmente e intorno alle 18:45 \u00e8 stata comunicata una riduzione dei tempi di attesa a meno di un&#8217;ora.<\/p>\n<p>Il Cappella del Palazzo, rinomato per la sua architettura elegante e il suo significato storico, \u00e8 un luogo di grande importanza per la monarchia. Per coloro che desiderano visitarlo, \u00e8 possibile accedervi nei giorni di sabato, domenica e luned\u00ec dalle 10:00 alle 23:00. In alternativa, il marted\u00ec il cappella rimarr\u00e0 aperta dalle 10:00 alle 19:00, offrendo cos\u00ec ampie opportunit\u00e0 per esplorare questo gioiello architettonico.<\/p>\n<p>La popolarit\u00e0 del Cappella del Palazzo riflette l&#8217;interesse del pubblico per la storia e la cultura del paese. Nonostante le lunghe attese, la maggior parte dei visitatori ha espresso soddisfazione per l&#8217;esperienza vissuta, una conferma del fascino intramontabile di questo sito storico. La bellezza dei suoi interni, unita alla tranquillit\u00e0 che si respira al suo interno, rende il luogo unico e meritevole di una visita.<\/p>\n<p>Non \u00e8 solo un&#8217;esperienza visiva, ma \u00e8 anche una storia che si intreccia con la vita della monarchia. Ogni angolo del cappella racconta storie di cerimonie, celebrazioni e momenti significativi che hanno segnato il corso della storia nazionale. La sua architettura, caratterizzata da dettagli raffinati e da un&#8217;atmosfera quasi mistica, offre ai visitatori un&#8217;opportunit\u00e0 di riflessione e contemplazione.<\/p>\n<p>Con l&#8217;aumento della mobilitazione del pubblico, \u00e8 fondamentale pianificare la visita in anticipo. I visitatori sono incoraggiati ad arrivare presto per evitare le lunghe code nel corso della giornata. Le aperture prolungate nei fine settimana forniscono un&#8217;eccellente opportunit\u00e0 per coloro che desiderano approfittare di orari pi\u00f9 flessibili. L&#8217;orario esteso consente di accogliere un numero maggiore di persone, ma \u00e8 sempre consigliabile tenere d&#8217;occhio le eventuali restrizioni legate alla capacit\u00e0.<\/p>\n<p>Il Cappella del Palazzo non \u00e8 solo un luogo da visitare, ma rappresenta una vera e propria esperienza immersiva nella storia e nella cultura del paese. I visitatori possono immergersi in un&#8217;atmosfera solenne e ammirare i vari elementi decorativi che adornano la cappella. Ogni visita \u00e8 un viaggio nel tempo, un\u2019opportunit\u00e0 per comprendere meglio la tradizione e il patrimonio culturale che caratterizzano la nazione.<\/p>\n<p>Inoltre, il ruolo della monarchia nella vita quotidiana dei cittadini continua a suscitare interesse e dibattito. La monarchia \u00e8 vista da alcuni come un simbolo di unit\u00e0 e continuit\u00e0, mentre altri possono avvicinarsi al tema da una prospettiva pi\u00f9 critica. Tuttavia, visitare la cappella offre un\u2019occasione per riflettere su questi temi, vedendo da vicino ci\u00f2 che rappresentano l\u2019arte e l\u2019architettura reale.<\/p>\n<p>Per coloro che desiderano prolungare la loro esperienza, i visitatori possono anche esplorare i dintorni del palazzo. I giardini e le aree circostanti sono perfetti per una passeggiata dopo la visita, offrendo un\u2019atmosfera serena e la possibilit\u00e0 di scattare foto memorabili. Una visita al Cappella del Palazzo \u00e8 quindi solo l&#8217;inizio di un&#8217;avventura pi\u00f9 ampia, che collega la storia alla bellezza naturale del luogo.<\/p>\n<p>In conclusione, l\u2019afflusso massiccio di visitatori al Cappella del Palazzo \u00e8 una testimonianza del suo valore culturale e storico. Con orari flessibili e una nuova organizzazione, l&#8217;accesso al cappella \u00e8 pi\u00f9 facile che mai. Che si tratti di un\u2019adorazione storica, di momenti di meditazione o semplicemente di un interesse per la monarchia, tutti possono trovare qualcosa che risuoni con loro. La cappella non \u00e8 solo un luogo da vedere, ma rappresenta una parte vitale di ci\u00f2 che la nazione \u00e8 e ci\u00f2 che \u00e8 diventata.<\/p>\n<p>#leggoscandinavia<\/p>\n","protected":false},"excerpt":{"rendered":"<p>Il Rifugio Reale: Una giornata al Cappella del Palazzo Lo scorso sabato, il Cappella del Palazzo ha accolto circa 4500 visitatori fino alle 18:30. Questo prestigioso luogo ha attratto un numero incredibile di persone, desiderose di scoprire la sua bellezza e la sua storia. Tuttavia, la visita non \u00e8 stata priva di sfide, poich\u00e9 durante [&hellip;]<\/p>\n","protected":false},"author":2,"featured_media":11802,"comment_status":"","ping_status":"","sticky":false,"template":"","format":"standard","meta":{"fifu_image_url":"https:\/\/www.leggoscandinavia.com\/wp-content\/uploads\/2026\/02\/leggoscandinavia-oslo008.jpg","fifu_image_alt":"","footnotes":""},"categories":[5],"tags":[2774,12293,12292,223,226,61,3216,519,531,2433],"class_list":["post-11801","post","type-post","status-publish","format-standard","has-post-thumbnail","category-oslo","tag-attesa","tag-cappella","tag-defilamento","tag-dei","tag-del","tag-nel","tag-palazzo","tag-reale","tag-riduzione","tag-tempi"],"_links":{"self":[{"href":"https:\/\/www.leggoscandinavia.com\/index.php\/wp-json\/wp\/v2\/posts\/11801","targetHints":{"allow":["GET"]}}],"collection":[{"href":"https:\/\/www.leggoscandinavia.com\/index.php\/wp-json\/wp\/v2\/posts"}],"about":[{"href":"https:\/\/www.leggoscandinavia.com\/index.php\/wp-json\/wp\/v2\/types\/post"}],"author":[{"embeddable":true,"href":"https:\/\/www.leggoscandinavia.com\/index.php\/wp-json\/wp\/v2\/users\/2"}],"replies":[{"embeddable":true,"href":"https:\/\/www.leggoscandinavia.com\/index.php\/wp-json\/wp\/v2\/comments?post=11801"}],"version-history":[{"count":0,"href":"https:\/\/www.leggoscandinavia.com\/index.php\/wp-json\/wp\/v2\/posts\/11801\/revisions"}],"wp:featuredmedia":[{"embeddable":true,"href":"https:\/\/www.leggoscandinavia.com\/index.php\/wp-json\/wp\/v2\/media\/11802"}],"wp:attachment":[{"href":"https:\/\/www.leggoscandinavia.com\/index.php\/wp-json\/wp\/v2\/media?parent=11801"}],"wp:term":[{"taxonomy":"category","embeddable":true,"href":"https:\/\/www.leggoscandinavia.com\/index.php\/wp-json\/wp\/v2\/categories?post=11801"},{"taxonomy":"post_tag","embeddable":true,"href":"https:\/\/www.leggoscandinavia.com\/index.php\/wp-json\/wp\/v2\/tags?post=11801"}],"curies":[{"name":"wp","href":"https:\/\/api.w.org\/{rel}","templated":true}]}}