{"id":11797,"date":"2026-09-05T21:31:00","date_gmt":"2026-09-05T19:31:00","guid":{"rendered":"https:\/\/www.leggoscandinavia.com\/index.php\/2026\/09\/05\/documentarista-nessuno-sapeva-come-si-sarebbero-comportati-i-fratelli-oasis\/"},"modified":"2026-09-05T21:31:00","modified_gmt":"2026-09-05T19:31:00","slug":"documentarista-nessuno-sapeva-come-si-sarebbero-comportati-i-fratelli-oasis","status":"publish","type":"post","link":"https:\/\/www.leggoscandinavia.com\/index.php\/2026\/09\/05\/documentarista-nessuno-sapeva-come-si-sarebbero-comportati-i-fratelli-oasis\/","title":{"rendered":"Documentarista: &#8220;Nessuno sapeva come si sarebbero comportati i fratelli Oasis&#8221;"},"content":{"rendered":"<p><strong>Venezia: La Prima di &#8220;Oasis. Don&#8217;t Look Back in Anger&#8221; al Festival del Cinema<\/strong><\/p>\n<p>Il festival del cinema di Venezia \u00e8 un evento di grande prestigio che attira registi, attori e appassionati di cinema da tutto il mondo. Tra i film presentati quest&#8217;anno, spicca la prima mondiale del documentario &#8220;Oasis. Don&#8217;t Look Back in Anger&#8221;, che esplora la straordinaria carriera e l&#8217;eredit\u00e0 dei leggendari Oasis, una delle band pi\u00f9 influenti della musica britannica. Questo film \u00e8 atteso con ansia anche in Svezia, dove avr\u00e0 la sua premiere nei cinema a breve.<\/p>\n<p>Il documentario \u00e8 diretto da una talentuosa coppia di registi, la cui visione ha saputo catturare l\u2019essenza della band e l&#8217;impatto duraturo che hanno avuto sulla musica rock. Kerstin Gezelius ha avuto la possibilit\u00e0 di incontrarli durante il festival, per scoprire i dettagli e le nuove prospettive offerte dal film, nonch\u00e9 il loro processo creativo.<\/p>\n<p>Il duo di registi, composto da nomi gi\u00e0 noti nel panorama cinematografico, ha lavorato a stretto contatto con il materiale d&#8217;archivio della band per ricostruire non solo la loro storia musicale, ma anche le dinamiche personali che hanno contribuito al loro successivo scioglimento. L\u2019approccio del documentario non si limita a presentare immagini di concerti esplosivi e successi discografici; cerca di approfondire anche le esperienze pi\u00f9 intime dei membri della band. La narrazione \u00e8 accompagnata da interviste esclusive, filmati inediti e commenti di esperti che riflettono sull&#8217;impatto culturale degli Oasis.<\/p>\n<p>Gli Oasis, fondati nel 1991 a Manchester, sono stati pionieri del britpop e hanno venduto milioni di dischi in tutto il mondo. La loro musica, caratterizzata da melodie orecchiabili e testi evocativi, ha segnato un\u2019intera generazione. Canzoni come &#8220;Wonderwall&#8221;, &#8220;Champagne Supernova&#8221; e &#8220;Don&#8217;t Look Back in Anger&#8221; sono diventate inni, risuonando non solo nelle radio, ma anche nei cuori dei fan. <\/p>\n<p>Il film offre uno sguardo sincero e senza filtri sulla vita dei fratelli Gallagher, Noel e Liam. La loro intensa relazione, fatta di amore ed antagonismo, \u00e8 al centro del racconto. I registi mettono in luce come le loro differenze artistiche e personali abbiano influenzato la musica degli Oasis e come, inevitabilmente, abbiano portato alla loro separazione nel 2009. Le tensioni tra i due sono ben note; il documentario tenta di spiegare le cause di questi conflitti, senza per\u00f2 cadere nel sensazionalismo. <\/p>\n<p>Durante l\u2019incontro con Gezelius, i registi hanno spiegato il loro intento: \u00abVolevamo creare un film che non fosse solo per i fan accaniti degli Oasis, ma che potesse essere apprezzato anche da chi non conosce a fondo la loro musica. Ci sono elementi universali nella loro storia che parlano a tutti\u00bb. Questo \u00e8 un aspetto fondamentale; la musica degli Oasis riesce a toccare le corde emotive di chiunque, anche di coloro che magari non sono tifosi sfegatati. <\/p>\n<p>La realizzazione del film ha richiesto anni di lavoro, nella ricerca di materiali rari e di vecchie interviste, garantendo una cornice autentica e approfondita. I registi hanno viaggiato in vari archivi e hanno avuto accesso a filmati che non erano mai stati mostrati al pubblico. Questa dedizione si riflette nella qualit\u00e0 del prodotto finale, che promette di essere non solo un tributo alla band, ma anche un&#8217;opera d&#8217;arte cinematografica.<\/p>\n<p>Inoltre, il documentario affronta anche le conseguenze della fama. Attraverso le storie di successo e fallimento, il film esplora le pressioni che i musicisti affrontano, e come queste influenzino le loro vite personali e professionali. I registi, attraverso la narrazione, invitano il pubblico a riflettere su cosa significhi davvero essere una star nel mondo moderno.<\/p>\n<p>In conclusione, &#8220;Oasis. Don&#8217;t Look Back in Anger&#8221; non \u00e8 solo un film per gli appassionati di musica, ma \u00e8 anche una riflessione sul potere della musica nel creare legami e nel raccontare storie di vita. La sua premiere a Venezia segna un momento significativo non solo per i fan della band, ma anche per il panorama cinematografico che si arricchisce di un prodotto di grande valore. Con l&#8217;uscita che si avvicina in Svezia, l\u2019aspettativa cresce, e i fan non vedono l&#8217;ora di immergersi nel mondo degli Oasis e di rivivere la loro incredibile storia.<\/p>\n<p>#leggoscandinavia<\/p>\n","protected":false},"excerpt":{"rendered":"<p>Venezia: La Prima di &#8220;Oasis. Don&#8217;t Look Back in Anger&#8221; al Festival del Cinema Il festival del cinema di Venezia \u00e8 un evento di grande prestigio che attira registi, attori e appassionati di cinema da tutto il mondo. Tra i film presentati quest&#8217;anno, spicca la prima mondiale del documentario &#8220;Oasis. Don&#8217;t Look Back in Anger&#8221;, [&hellip;]<\/p>\n","protected":false},"author":2,"featured_media":11798,"comment_status":"","ping_status":"","sticky":false,"template":"","format":"standard","meta":{"fifu_image_url":"https:\/\/www.leggoscandinavia.com\/wp-content\/uploads\/2026\/02\/leggoscandinavia-stoccolma017.jpg","fifu_image_alt":"","footnotes":""},"categories":[7],"tags":[12290,12288,2858,1550,9885,12289,8445],"class_list":["post-11797","post","type-post","status-publish","format-standard","has-post-thumbnail","category-stoccolma","tag-comportati","tag-documentarista","tag-fratelli","tag-nessuno","tag-oasis","tag-sapeva","tag-sarebbero"],"_links":{"self":[{"href":"https:\/\/www.leggoscandinavia.com\/index.php\/wp-json\/wp\/v2\/posts\/11797","targetHints":{"allow":["GET"]}}],"collection":[{"href":"https:\/\/www.leggoscandinavia.com\/index.php\/wp-json\/wp\/v2\/posts"}],"about":[{"href":"https:\/\/www.leggoscandinavia.com\/index.php\/wp-json\/wp\/v2\/types\/post"}],"author":[{"embeddable":true,"href":"https:\/\/www.leggoscandinavia.com\/index.php\/wp-json\/wp\/v2\/users\/2"}],"replies":[{"embeddable":true,"href":"https:\/\/www.leggoscandinavia.com\/index.php\/wp-json\/wp\/v2\/comments?post=11797"}],"version-history":[{"count":0,"href":"https:\/\/www.leggoscandinavia.com\/index.php\/wp-json\/wp\/v2\/posts\/11797\/revisions"}],"wp:featuredmedia":[{"embeddable":true,"href":"https:\/\/www.leggoscandinavia.com\/index.php\/wp-json\/wp\/v2\/media\/11798"}],"wp:attachment":[{"href":"https:\/\/www.leggoscandinavia.com\/index.php\/wp-json\/wp\/v2\/media?parent=11797"}],"wp:term":[{"taxonomy":"category","embeddable":true,"href":"https:\/\/www.leggoscandinavia.com\/index.php\/wp-json\/wp\/v2\/categories?post=11797"},{"taxonomy":"post_tag","embeddable":true,"href":"https:\/\/www.leggoscandinavia.com\/index.php\/wp-json\/wp\/v2\/tags?post=11797"}],"curies":[{"name":"wp","href":"https:\/\/api.w.org\/{rel}","templated":true}]}}