{"id":11789,"date":"2026-09-05T11:30:00","date_gmt":"2026-09-05T09:30:00","guid":{"rendered":"https:\/\/www.leggoscandinavia.com\/index.php\/2026\/09\/05\/giornalisti-nordici-esprimono-preoccupazione-per-i-media-islandesi-dopo-la-chiusura-di-syn-news\/"},"modified":"2026-09-05T11:30:00","modified_gmt":"2026-09-05T09:30:00","slug":"giornalisti-nordici-esprimono-preoccupazione-per-i-media-islandesi-dopo-la-chiusura-di-syn-news","status":"publish","type":"post","link":"https:\/\/www.leggoscandinavia.com\/index.php\/2026\/09\/05\/giornalisti-nordici-esprimono-preoccupazione-per-i-media-islandesi-dopo-la-chiusura-di-syn-news\/","title":{"rendered":"Giornalisti Nordici Esprimono Preoccupazione per i Media Islandesi Dopo la Chiusura di S\u00fdn News"},"content":{"rendered":"<p><strong>Preoccupazioni della Federazione dei Giornalisti Nordici per i Media Islandesi dopo la Chiusura del Notiziario di S\u00fdn<\/strong><\/p>\n<p>L&#8217;Associazione dei Giornalisti Nordici ha espresso seria preoccupazione per lo stato dei media in Islanda, in seguito alla decisione di S\u00fdn di interrompere le trasmissioni dei notiziari televisivi. Questa mossa ha aggiunto una dimensione regionale a una chiusura che ha gi\u00e0 sollevato interrogativi riguardo ai posti di lavoro, alla pluralit\u00e0 dei media e all&#8217;economia del giornalismo islandese.<\/p>\n<h3>Qual \u00e8 la Storia?<\/h3>\n<p>L&#8217;organizzazione dei giornalisti nordici considera gli sviluppi nel panorama mediatico islandese una questione di notevole preoccupazione. La loro dichiarazione arriva a pochi giorni dalla decisione di S\u00fdn di terminare le trasmissioni dei notiziari televisivi dopo circa quarant&#8217;anni di attivit\u00e0. Questa chiusura intensifica un dibattito in corso da tempo sulla fragilit\u00e0 del piccolo mercato mediatico dell&#8217;Islanda, che fatica a sostenere una variet\u00e0 di offerte informative.<\/p>\n<h3>Un Monito Nordico per un Piccolo Mercato Mediatico<\/h3>\n<p>L&#8217;ultimo notiziario di S\u00fdn \u00e8 andato in onda alla fine di agosto, mentre l&#8217;azienda ha spostato il suo focus informativo verso piattaforme come V\u00edsir e Bylgjan. Sono particolarmente significative le reazioni provenienti dai paesi nordici, poich\u00e9 l&#8217;Islanda ha storicamente paragonato la propria situazione in materia di libert\u00e0 di stampa e indipendenza dei media con quella dei paesi limitrofi.<\/p>\n<p>\u00c8 importante notare che l&#8217;Islanda si trova in una posizione di svantaggio rispetto ad alcuni vicini nordici nelle classifiche internazionali riguardanti la libert\u00e0 di stampa. Le preoccupazioni per il piccolo mercato e l&#8217;esposizione a pressioni politiche ed economiche sono state continuamente sollevate. Inoltre, l&#8217;Associazione dei Giornalisti Islandesi ha mostrato una notevole attivazione nella cooperazione nordica riguardo a questioni internazionali del giornalismo.<\/p>\n<p>Sebbene l&#8217;ultima dichiarazione non proponga una risposta politica specifica per l&#8217;Islanda, essa colloca la chiusura di S\u00fdn all&#8217;interno di una discussione pi\u00f9 ampia su se un piccolo paese possa sostenere un ecosistema informativo professionale sufficientemente diversificato.<\/p>\n<h3>Riflessioni sul Futuro dei Media Islandesi<\/h3>\n<p>La chiusura del notiziario di S\u00fdn rappresenta non solo un cambiamento significativo nella proposta informativa islandese, ma solleva anche interrogativi su come i media dell&#8217;Islanda possano adattarsi a un ambiente economico in evoluzione. La transizione verso altre piattaforme di informazione, come V\u00edsir e Bylgjan, potrebbe rappresentare una strategia per mitigare le conseguenze della chiusura, ma non risolve le problematiche strutturali che affliggono il settore.<\/p>\n<p>Il dibattito su come garantire una stampa diversificata e sostenibile in un mercato cos\u00ec ristretto \u00e8 pi\u00f9 pertinente che mai. La risposta a tali sfide passer\u00e0 attraverso iniziative condivise a livello nordico e attraverso un dialogo costante tra le istituzioni e i professionisti del settore.<\/p>\n<h3>Il Contesto Nordico<\/h3>\n<p>La prospettiva nordica \u00e8 cruciale in questo contesto. Paesi come la Svezia, la Norvegia e la Danimarca hanno storicamente assicurato un sistema mediatico pi\u00f9 robusto e diversificato. Le normative favorenti la concorrenza, un forte supporto governativo e la promozione della libert\u00e0 di stampa giocano un ruolo cruciale nel garantire che i cittadini abbiano accesso a fonti di informazione affidabili e variegate.<\/p>\n<p>In islandese, i giornalisti e i media si trovano ora di fronte a una prova che molte altre nazioni hanno gi\u00e0 superato: come mantenere la vitalit\u00e0 del giornalismo in un contesto di crescente digitalizzazione e concentrazione del mercato?<\/p>\n<h3>Conclusioni<\/h3>\n<p>La situazione attuale del settore media islandese \u00e8 una questione che merita attenzione non solo a livello nazionale, ma che deve essere oggetto di discussione anche a livello nordico. La solidariet\u00e0 tra i giornalisti e le associazioni professionali della regione pu\u00f2 offrire spunti utili per affrontare questa crisi. Le esperienze condivise e le buone pratiche possono rappresentare una via da seguire per garantire che la stampa islandese non solo sopravviva, ma prosperi.<\/p>\n<p>Per ulteriori approfondimenti sulla societ\u00e0, politica, economia e cultura islandese, visita Iceland Review News.<\/p>\n<p>La chiusura del notiziario di S\u00fdn non \u00e8 solo una perdita per il panorama mediatico islandese, ma rappresenta anche un segnale di allerta per tutti i paesi con mercati informativi di piccole dimensioni. <\/p>\n<p>#leggoscandinavia<\/p>\n","protected":false},"excerpt":{"rendered":"<p>Preoccupazioni della Federazione dei Giornalisti Nordici per i Media Islandesi dopo la Chiusura del Notiziario di S\u00fdn L&#8217;Associazione dei Giornalisti Nordici ha espresso seria preoccupazione per lo stato dei media in Islanda, in seguito alla decisione di S\u00fdn di interrompere le trasmissioni dei notiziari televisivi. Questa mossa ha aggiunto una dimensione regionale a una chiusura [&hellip;]<\/p>\n","protected":false},"author":2,"featured_media":11790,"comment_status":"","ping_status":"","sticky":false,"template":"","format":"standard","meta":{"fifu_image_url":"https:\/\/www.leggoscandinavia.com\/wp-content\/uploads\/2026\/02\/leggoscandinavia-reykjavik008.jpg","fifu_image_alt":"","footnotes":""},"categories":[6],"tags":[87,149,264,12285,678,1241,11491,10001,1552,11793],"class_list":["post-11789","post","type-post","status-publish","format-standard","has-post-thumbnail","category-reykjavik","tag-chiusura","tag-dopo","tag-esprimono","tag-giornalisti","tag-islandesi","tag-media","tag-news","tag-nordici","tag-preoccupazione","tag-syn"],"_links":{"self":[{"href":"https:\/\/www.leggoscandinavia.com\/index.php\/wp-json\/wp\/v2\/posts\/11789","targetHints":{"allow":["GET"]}}],"collection":[{"href":"https:\/\/www.leggoscandinavia.com\/index.php\/wp-json\/wp\/v2\/posts"}],"about":[{"href":"https:\/\/www.leggoscandinavia.com\/index.php\/wp-json\/wp\/v2\/types\/post"}],"author":[{"embeddable":true,"href":"https:\/\/www.leggoscandinavia.com\/index.php\/wp-json\/wp\/v2\/users\/2"}],"replies":[{"embeddable":true,"href":"https:\/\/www.leggoscandinavia.com\/index.php\/wp-json\/wp\/v2\/comments?post=11789"}],"version-history":[{"count":0,"href":"https:\/\/www.leggoscandinavia.com\/index.php\/wp-json\/wp\/v2\/posts\/11789\/revisions"}],"wp:featuredmedia":[{"embeddable":true,"href":"https:\/\/www.leggoscandinavia.com\/index.php\/wp-json\/wp\/v2\/media\/11790"}],"wp:attachment":[{"href":"https:\/\/www.leggoscandinavia.com\/index.php\/wp-json\/wp\/v2\/media?parent=11789"}],"wp:term":[{"taxonomy":"category","embeddable":true,"href":"https:\/\/www.leggoscandinavia.com\/index.php\/wp-json\/wp\/v2\/categories?post=11789"},{"taxonomy":"post_tag","embeddable":true,"href":"https:\/\/www.leggoscandinavia.com\/index.php\/wp-json\/wp\/v2\/tags?post=11789"}],"curies":[{"name":"wp","href":"https:\/\/api.w.org\/{rel}","templated":true}]}}