{"id":11775,"date":"2026-09-05T18:19:00","date_gmt":"2026-09-05T16:19:00","guid":{"rendered":"https:\/\/www.leggoscandinavia.com\/index.php\/2026\/09\/05\/marcia-fascista-e-contro-manifestazione-antifascista-un-pomeriggio-diviso-a-helsinki-video\/"},"modified":"2026-09-05T18:19:00","modified_gmt":"2026-09-05T16:19:00","slug":"marcia-fascista-e-contro-manifestazione-antifascista-un-pomeriggio-diviso-a-helsinki-video","status":"publish","type":"post","link":"https:\/\/www.leggoscandinavia.com\/index.php\/2026\/09\/05\/marcia-fascista-e-contro-manifestazione-antifascista-un-pomeriggio-diviso-a-helsinki-video\/","title":{"rendered":"Marcia Fascista e Contro-Manifestazione Antifascista: Un Pomeriggio Diviso a Helsinki; VIDEO"},"content":{"rendered":"<p><strong>Helsinki Ospita Due Manifestazioni Opposte nel Centro della Citt\u00e0<\/strong><\/p>\n<p>Sabato pomeriggio, il centro di Helsinki \u00e8 stato il teatro di due manifestazioni contrapposte, che hanno richiamato l&#8217;attenzione della cittadinanza e delle autorit\u00e0. Da un lato, il movimento noto come Blue-and-Black Movement (Sinimusta liike) ha organizzato una marcia, mentre dall&#8217;altro, una contro-manifestazione antifascista \u00e8 stata promossa da Aurora Helsinki e dalla rete Varis. <\/p>\n<p>La marcia del Blue-and-Black Movement ha avuto inizio nella vivace Piazza del Mercato di Hakaniemi, un\u2019area nota per le sue attivit\u00e0 commerciali e culturali. Qui, circa 300 persone hanno partecipato all\u2019evento, affiancate da un gruppo di 35\u201340 membri del club Active, tutti con il volto coperto. Questo gruppo \u00e8 stato descritto da molteplici fonti come apertamente razzista e fascista, suscitando preoccupazione tra i gruppi di difesa dei diritti umani e abbondanti critiche da parte della comunit\u00e0. <\/p>\n<p>Contemporaneamente, dalla stazione ferroviaria, si \u00e8 snodata la contro-manifestazione organizzata da Aurora Helsinki e dalla rete Varis, che ha visto la partecipazione di circa 600 persone secondo le stime della polizia. Questo evento si \u00e8 svolto in chiaro contrasto con la marcia del Blue-and-Black Movement, richiamando alla lotta contro l\u2019odio e per la giustizia sociale.<\/p>\n<p>La polizia di Helsinki ha giocato un ruolo cruciale nel monitorare le due manifestazioni. Le forze dell\u2019ordine hanno coordinato il traffico per garantire che i due gruppi rimanessero separati, al fine di prevenire possibili scontri. Questo approccio ha permesso di gestire situazioni potenzialmente pericolose e di mantenere la sicurezza dei partecipanti e dei cittadini presenti nel centro citt\u00e0. Le operazioni di polizia sono state efficaci nel mantenere un clima di calma, nonostante le tensioni palpabili tra i due eventi, testimoniando l\u2019importanza di un intervento tempestivo e professionale in situazioni di conflitto.<\/p>\n<p>Il video che accompagna l&#8217;articolo offre uno sguardo ravvicinato ai percorsi seguiti dalle due manifestazioni, mostrando i diversi ambienti e atmosfere che hanno caratterizzato la giornata. Da un lato, i colori scuri e le bandiere del Blue-and-Black Movement, dall&#8217;altro, i canti e gli slogan antifascisti che hanno animato la contro-manifestazione. Entrambi gli eventi, seppur opposti, evidenziano una spaccatura nella societ\u00e0 finlandese riguardo a temi di identit\u00e0, diritti e libert\u00e0.<\/p>\n<p>Mentre il Blue-and-Black Movement ha attirato una folta partecipazione, il forte numero di sostenitori della contro-manifestazione suggerisce una mobilitazione crescente contro le ideologie estremiste nel paese. Questo \u00e8 un segnale importante, che riflette l\u2019impegno della societ\u00e0 civile nel sostenere valori di libert\u00e0 e uguaglianza, opponendosi a ogni forma di discriminazione e intolleranza.<\/p>\n<p>Helsinki, una citt\u00e0 con una lunga storia di coesistenza culturale e diversit\u00e0, si confronta oggi con il rinnovato dibattito sull\u2019uguaglianza e i diritti umani. Le manifestazioni di sabato non sono soltanto un riflesso delle posizioni di questi gruppi, ma anche un segno di un\u2019ampia mobilitazione sociale. Il crescente interesse e la partecipazione attiva in eventi come questi dimostrano un desiderio collettivo di affrontare le sfide dell&#8217;odiop e della discriminazione.<\/p>\n<p>In conclusione, le manifestazioni di sabato pomeriggio nel centro di Helsinki hanno messo in luce le tensioni esistenti nella societ\u00e0 finlandese, ma anche la determinazione di molti cittadini a resistere all\u2019odio e a promuovere valori di inclusione e rispetto. Il contrasto tra queste due manifestazioni rappresenta non solo le divisioni attuali, ma anche la necessit\u00e0 di un dialogo aperto e costruttivo, per costruire un futuro in cui tutti possano sentirsi accolti e rispettati.<\/p>\n<p>#leggoscandinavia<\/p>\n","protected":false},"excerpt":{"rendered":"<p>Helsinki Ospita Due Manifestazioni Opposte nel Centro della Citt\u00e0 Sabato pomeriggio, il centro di Helsinki \u00e8 stato il teatro di due manifestazioni contrapposte, che hanno richiamato l&#8217;attenzione della cittadinanza e delle autorit\u00e0. Da un lato, il movimento noto come Blue-and-Black Movement (Sinimusta liike) ha organizzato una marcia, mentre dall&#8217;altro, una contro-manifestazione antifascista \u00e8 stata promossa [&hellip;]<\/p>\n","protected":false},"author":2,"featured_media":11776,"comment_status":"","ping_status":"","sticky":false,"template":"","format":"standard","meta":{"fifu_image_url":"https:\/\/www.leggoscandinavia.com\/wp-content\/uploads\/2026\/02\/leggoscandinavia-helsinki007.jpg","fifu_image_alt":"","footnotes":""},"categories":[4],"tags":[12276,12275,12277,12274,78,5670,162,1003],"class_list":["post-11775","post","type-post","status-publish","format-standard","has-post-thumbnail","category-helsinki","tag-antifascista","tag-contromanifestazione","tag-diviso","tag-fascista","tag-helsinki","tag-marcia","tag-pomeriggio","tag-video"],"_links":{"self":[{"href":"https:\/\/www.leggoscandinavia.com\/index.php\/wp-json\/wp\/v2\/posts\/11775","targetHints":{"allow":["GET"]}}],"collection":[{"href":"https:\/\/www.leggoscandinavia.com\/index.php\/wp-json\/wp\/v2\/posts"}],"about":[{"href":"https:\/\/www.leggoscandinavia.com\/index.php\/wp-json\/wp\/v2\/types\/post"}],"author":[{"embeddable":true,"href":"https:\/\/www.leggoscandinavia.com\/index.php\/wp-json\/wp\/v2\/users\/2"}],"replies":[{"embeddable":true,"href":"https:\/\/www.leggoscandinavia.com\/index.php\/wp-json\/wp\/v2\/comments?post=11775"}],"version-history":[{"count":0,"href":"https:\/\/www.leggoscandinavia.com\/index.php\/wp-json\/wp\/v2\/posts\/11775\/revisions"}],"wp:featuredmedia":[{"embeddable":true,"href":"https:\/\/www.leggoscandinavia.com\/index.php\/wp-json\/wp\/v2\/media\/11776"}],"wp:attachment":[{"href":"https:\/\/www.leggoscandinavia.com\/index.php\/wp-json\/wp\/v2\/media?parent=11775"}],"wp:term":[{"taxonomy":"category","embeddable":true,"href":"https:\/\/www.leggoscandinavia.com\/index.php\/wp-json\/wp\/v2\/categories?post=11775"},{"taxonomy":"post_tag","embeddable":true,"href":"https:\/\/www.leggoscandinavia.com\/index.php\/wp-json\/wp\/v2\/tags?post=11775"}],"curies":[{"name":"wp","href":"https:\/\/api.w.org\/{rel}","templated":true}]}}