{"id":11755,"date":"2026-09-05T13:29:00","date_gmt":"2026-09-05T11:29:00","guid":{"rendered":"https:\/\/www.leggoscandinavia.com\/index.php\/2026\/09\/05\/i-manifestanti-bloccano-una-strada-a-copenaghen-rallentando-il-traffico\/"},"modified":"2026-09-05T13:29:00","modified_gmt":"2026-09-05T11:29:00","slug":"i-manifestanti-bloccano-una-strada-a-copenaghen-rallentando-il-traffico","status":"publish","type":"post","link":"https:\/\/www.leggoscandinavia.com\/index.php\/2026\/09\/05\/i-manifestanti-bloccano-una-strada-a-copenaghen-rallentando-il-traffico\/","title":{"rendered":"I manifestanti bloccano una strada a Copenaghen, rallentando il traffico"},"content":{"rendered":"<p><strong>Manifestazioni a Copenaghen: Bloccata Classensgade nel Quartiere di \u00d8sterbro<\/strong><\/p>\n<p>Recentemente, il quartiere di \u00d8sterbro a Copenaghen \u00e8 stato teatro di una manifestazione che ha portato alla chiusura di Classensgade, una delle sue strade principali. Secondo quanto riportato dalla polizia di Copenaghen tramite il servizio di messaggistica Politi Update, la manifestazione non era stata annunciata e ha visto gruppi di dimostranti bloccare la strada per un periodo indefinito. <\/p>\n<p>Attualmente, non sono chiari gli estremi della protesta n\u00e9 chi siano stati specificamente i responsabili del blocco. Tuttavia, nel corso della giornata, diverse manifestazioni si sono svolte nelle vicinanze, rappresentando differenti correnti politiche. Tra i gruppi coinvolti, vi \u00e8 stato anche l\u2019Iniziativa Comune contro il Razzismo e la Discriminazione (F\u00e6llesinitiativet mod Racisme), che ha esplicitato le proprie posizioni in un contesto di crescente preoccupazione nei confronti di fenomeni di razzismo e discriminazione nella societ\u00e0 danese.<\/p>\n<p>Questa situazione ha sollevato interrogativi e discussioni all&#8217;interno della comunit\u00e0 locale e oltre, sulla libert\u00e0 di espressione e il diritto alla protesta pacifica. L&#8217;\u00d8sterbro \u00e8 noto per essere un quartiere molto vivace e diversificato, e le manifestazioni in questa area non sono una novit\u00e0. Tuttavia, l&#8217;improvviso blocco stradale ha attirato l&#8217;attenzione della polizia e degli enti locali, che hanno monitorato l&#8217;evento per garantire la sicurezza dei cittadini.<\/p>\n<p>Le manifestazioni, come quella che ha bloccato Classensgade, rappresentano un modo attraverso il quale gli individui e i gruppi esprimono le loro opinioni su questioni sociali, economiche e politiche. Nel caso specifico della protesta contro il razzismo e la discriminazione, le istanze sollevate dai manifestanti si inseriscono in un contesto pi\u00f9 ampio di lotta per i diritti umani e l\u2019uguaglianza.<\/p>\n<p>Negli ultimi anni, molti paesi europei, inclusa la Danimarca, hanno visto un incremento di sentimenti e movimenti che si oppongono all&#8217;immigrazione e che talvolta sfociano in atti di discriminazione. Questo fenomeno ha portato a una crescente mobilitazione da parte di attivisti e gruppi che cercano di difendere i diritti delle minoranze e di sensibilizzare l\u2019opinione pubblica sulle problematiche legate al razzismo.<\/p>\n<p>Il dialogo tra gruppi con posizioni diverse \u00e8 importante e necessario in una democrazia. Le manifestazioni possono essere un modo efficace per raccogliere supporto per una causa e per mettere in evidenza le ingiustizie sociali. Tuttavia, \u00e8 fondamentale che queste manifestazioni si svolgano in modo pacifico per evitare conflitti e tensioni all&#8217;interno della comunit\u00e0.<\/p>\n<p>Mentre la situazione attuale viene monitorata dalle forze dell&#8217;ordine, la polizia ha sottolineato l&#8217;importanza della sicurezza pubblica e il rispetto delle norme. \u00c8 essenziale che tutti i cittadini abbiano la possibilit\u00e0 di esprimere le proprie opinioni senza timore di violenza o rappresaglie. Pertanto, eventi come questo non solo sollevano interrogativi sulla libert\u00e0 di espressione, ma anche sulla responsabilit\u00e0 di garantire un ambiente sicuro per tutte le forme di protesta.<\/p>\n<p>In conclusione, la manifestazione di \u00d8sterbro mette in luce le tensioni esistenti all&#8217;interno della societ\u00e0 danese riguardo al tema del razzismo e della discriminazione. Le strade di Copenaghen sono, e continueranno a essere, un palcoscenico di voci politiche e sociali, riflettendo le diverse opinioni e aspirazioni di coloro che vi abitano. Di fronte a questi eventi, \u00e8 cruciale che ci sia spazio per il dialogo e la comprensione, per costruire una societ\u00e0 pi\u00f9 inclusiva e giusta per tutti. La comunit\u00e0 danese, attraverso eventi come questo, ha l&#8217;opportunit\u00e0 di riflettere e confrontarsi su questioni fondamentali che riguardano i diritti civili e la coesione sociale.<\/p>\n<p>#leggoscandinavia<\/p>\n","protected":false},"excerpt":{"rendered":"<p>Manifestazioni a Copenaghen: Bloccata Classensgade nel Quartiere di \u00d8sterbro Recentemente, il quartiere di \u00d8sterbro a Copenaghen \u00e8 stato teatro di una manifestazione che ha portato alla chiusura di Classensgade, una delle sue strade principali. Secondo quanto riportato dalla polizia di Copenaghen tramite il servizio di messaggistica Politi Update, la manifestazione non era stata annunciata e [&hellip;]<\/p>\n","protected":false},"author":2,"featured_media":11756,"comment_status":"","ping_status":"","sticky":false,"template":"","format":"standard","meta":{"fifu_image_url":"https:\/\/www.leggoscandinavia.com\/wp-content\/uploads\/2026\/02\/leggoscandinavia-copenaghen048.jpg","fifu_image_alt":"","footnotes":""},"categories":[3],"tags":[5267,308,1166,12262,1278,384,54],"class_list":["post-11755","post","type-post","status-publish","format-standard","has-post-thumbnail","category-copenaghen","tag-bloccano","tag-copenaghen","tag-manifestanti","tag-rallentando","tag-strada","tag-traffico","tag-una"],"_links":{"self":[{"href":"https:\/\/www.leggoscandinavia.com\/index.php\/wp-json\/wp\/v2\/posts\/11755","targetHints":{"allow":["GET"]}}],"collection":[{"href":"https:\/\/www.leggoscandinavia.com\/index.php\/wp-json\/wp\/v2\/posts"}],"about":[{"href":"https:\/\/www.leggoscandinavia.com\/index.php\/wp-json\/wp\/v2\/types\/post"}],"author":[{"embeddable":true,"href":"https:\/\/www.leggoscandinavia.com\/index.php\/wp-json\/wp\/v2\/users\/2"}],"replies":[{"embeddable":true,"href":"https:\/\/www.leggoscandinavia.com\/index.php\/wp-json\/wp\/v2\/comments?post=11755"}],"version-history":[{"count":0,"href":"https:\/\/www.leggoscandinavia.com\/index.php\/wp-json\/wp\/v2\/posts\/11755\/revisions"}],"wp:featuredmedia":[{"embeddable":true,"href":"https:\/\/www.leggoscandinavia.com\/index.php\/wp-json\/wp\/v2\/media\/11756"}],"wp:attachment":[{"href":"https:\/\/www.leggoscandinavia.com\/index.php\/wp-json\/wp\/v2\/media?parent=11755"}],"wp:term":[{"taxonomy":"category","embeddable":true,"href":"https:\/\/www.leggoscandinavia.com\/index.php\/wp-json\/wp\/v2\/categories?post=11755"},{"taxonomy":"post_tag","embeddable":true,"href":"https:\/\/www.leggoscandinavia.com\/index.php\/wp-json\/wp\/v2\/tags?post=11755"}],"curies":[{"name":"wp","href":"https:\/\/api.w.org\/{rel}","templated":true}]}}