{"id":11707,"date":"2026-09-04T13:37:00","date_gmt":"2026-09-04T11:37:00","guid":{"rendered":"https:\/\/www.leggoscandinavia.com\/index.php\/2026\/09\/04\/bridget-phillipson-sono-orgogliosa-di-portare-avanti-leredita-di-gloria-steinem-e-di-mia-madre\/"},"modified":"2026-09-04T13:37:00","modified_gmt":"2026-09-04T11:37:00","slug":"bridget-phillipson-sono-orgogliosa-di-portare-avanti-leredita-di-gloria-steinem-e-di-mia-madre","status":"publish","type":"post","link":"https:\/\/www.leggoscandinavia.com\/index.php\/2026\/09\/04\/bridget-phillipson-sono-orgogliosa-di-portare-avanti-leredita-di-gloria-steinem-e-di-mia-madre\/","title":{"rendered":"Bridget Phillipson: Sono orgogliosa di portare avanti l&#8217;eredit\u00e0 di Gloria Steinem e di mia madre"},"content":{"rendered":"<p><strong>Gloria Steinem: Un&#8217;Eredit\u00e0 di Cambiamento per Tutti Noi<\/strong><\/p>\n<p>&#8220;Le donne sono sempre state una parte uguale del passato. Non siamo semplicemente state parte della storia.&#8221; Queste parole, pronunciate dalla compianta Gloria Steinem, rappresentano non solo una verit\u00e0 fondamentale, ma anche l&#8217;eredit\u00e0 lasciata da una pioniera che ha dedicato la propria vita a smantellare le strutture di disuguaglianza che hanno tentato di escludere le donne dai libri di storia.<\/p>\n<p>Gloria non si \u00e8 limitata a parlare di cambiamento; lo ha realizzato.<\/p>\n<p>Fondatrice di Ms. Magazine, il primo periodico mainstream negli Stati Uniti gestito da donne, Gloria ha avviato una conversazione internazionale sulle esperienze devastanti che le donne hanno vissuto, troppo spesso nascoste. Nel 1976, il magazine ha pubblicato il primo servizio nazionale che trattava il tema della violenza domestica, aprendo cos\u00ec un dibattito fondamentale su un argomento che era rimasto silente per troppo tempo.<\/p>\n<p>Nel 1977, Ms. Magazine ha anche affrontato per la prima volta il tema del molestie sessuali sul posto di lavoro, proponendo delle soluzioni. All&#8217;epoca, molti negozi si rifiutarono di venderlo perch\u00e9 considerato troppo controverso. Teniamo a mente che era un periodo in cui le donne potevano essere licenziate legalmente per il semplice fatto di rimanere incinte, e l&#8217;aborto era illegale nella maggior parte degli stati. In Gran Bretagna, le donne dovevano dimettersi da parte del servizio civile una volta sposate. Oggi, tutto ci\u00f2 sembra impensabile, ma molte donne si vedevano negati mutui e conti bancari senza l&#8217;approvazione di un uomo.<\/p>\n<p>Era anche un periodo in cui le donne non avevano le parole giuste per parlare delle loro esperienze; frequentemente, la violenza era normalizzata. In una conferenza del 2012, Gloria afferm\u00f2: &#8220;Quando ero ragazza, non c&#8217;era un termine per la violenza domestica\u2026 era semplicemente chiamata vita.&#8221; Le donne sono debitrice a femministe come Gloria, che hanno dato voce a queste piaghe sociali, un passo fondamentale per porvi fine.<\/p>\n<p>Sebbene Gloria abbia iniziato a lottare in America pi\u00f9 di cinquant&#8217;anni fa, il suo lavoro risuona ancora con le nostre lotte odierne. La mia storia personale inizia negli anni &#8217;80 nel nord-est dell&#8217;Inghilterra, dove le voci femminili venivano spesso ignorate. Era un periodo in cui la polizia tendeva a chiudere un occhio sugli abusi domestici, etichettandoli come &#8220;una questione privata&#8221;. Ho cercato ispirazione in donne pionieristiche come Gloria mentre iniziavo la mia carriera a favore delle donne vittime di violenza.<\/p>\n<p>Prima di entrare in politica, ho gestito un rifugio per donne e bambini in fuga dalla violenza domestica. Questo lavoro \u00e8 ci\u00f2 che mi motiva; \u00e8 per questo che sono entrata in politica, per potere portare un cambiamento reale e significativo per donne e ragazze ovunque.<\/p>\n<p>Fondato da mia madre \u2013 anch&#8217;essa una campionessa dei diritti delle donne negli anni &#8217;70, proprio come Gloria \u2013 il rifugio era uno dei primi nel nord-est. Crescendo all&#8217;ombra di quel attivismo, ho visto da vicino che per molte donne, i &#8220;diritti&#8221; non sono concetti astratti, ma la differenza tra sicurezza e pericolo.<\/p>\n<p>Oggi ci troviamo sulle spalle di giganti, come Gloria e mia madre, che hanno navigato un mondo molto pi\u00f9 difficile affinch\u00e9 noi potessimo occupare questo. Faccio parte di un numero record di donne straordinarie nel governo britannico, il pi\u00f9 rappresentativo di sempre. Stiamo facendo la storia, essendo il primo governo con un Ministro di Gabinetto dedicato esclusivamente a migliorare la vita delle donne e delle comunit\u00e0 emarginate.<\/p>\n<p>I progressi per cui ha lottato Gloria sono stati trasformativi nel migliorare le vite di donne e ragazze in tutto il mondo. Tuttavia, nonostante i passi avanti, le nostre libert\u00e0 sono nuovamente minacciate. Sia che si tratti di un pericoloso retrocesso dei diritti delle donne in altri paesi, sia di richieste per abolire l&#8217;Equality Act nel nostro, sono costantemente ricordata che i nostri diritti sono stati conquistati a fatica, ma possono essere facilmente persi.<\/p>\n<p>Sono orgogliosa di continuare l&#8217;eredit\u00e0 di Gloria. Servire le donne e difendere gli emarginati \u00e8 nel mio DNA. Se hai una storia da condividere, contattaci all&#8217;indirizzo email vaw@metro.co.uk. La lotta continua, e insieme possiamo costruire un futuro pi\u00f9 giusto per tutti.<\/p>\n<p>#leggoscandinavia<\/p>\n","protected":false},"excerpt":{"rendered":"<p>Gloria Steinem: Un&#8217;Eredit\u00e0 di Cambiamento per Tutti Noi &#8220;Le donne sono sempre state una parte uguale del passato. Non siamo semplicemente state parte della storia.&#8221; Queste parole, pronunciate dalla compianta Gloria Steinem, rappresentano non solo una verit\u00e0 fondamentale, ma anche l&#8217;eredit\u00e0 lasciata da una pioniera che ha dedicato la propria vita a smantellare le strutture [&hellip;]<\/p>\n","protected":false},"author":2,"featured_media":11708,"comment_status":"","ping_status":"","sticky":false,"template":"","format":"standard","meta":{"fifu_image_url":"https:\/\/www.leggoscandinavia.com\/wp-content\/uploads\/2026\/02\/leggoscandinavia-mondo001.jpg","fifu_image_alt":"","footnotes":""},"categories":[18],"tags":[1715,12219,12223,12222,491,1850,12221,12220,207,388,12224],"class_list":["post-11707","post","type-post","status-publish","format-standard","has-post-thumbnail","category-mondo","tag-avanti","tag-bridget","tag-gloria","tag-leredita","tag-madre","tag-mia","tag-orgogliosa","tag-phillipson","tag-portare","tag-sono","tag-steinem"],"_links":{"self":[{"href":"https:\/\/www.leggoscandinavia.com\/index.php\/wp-json\/wp\/v2\/posts\/11707","targetHints":{"allow":["GET"]}}],"collection":[{"href":"https:\/\/www.leggoscandinavia.com\/index.php\/wp-json\/wp\/v2\/posts"}],"about":[{"href":"https:\/\/www.leggoscandinavia.com\/index.php\/wp-json\/wp\/v2\/types\/post"}],"author":[{"embeddable":true,"href":"https:\/\/www.leggoscandinavia.com\/index.php\/wp-json\/wp\/v2\/users\/2"}],"replies":[{"embeddable":true,"href":"https:\/\/www.leggoscandinavia.com\/index.php\/wp-json\/wp\/v2\/comments?post=11707"}],"version-history":[{"count":0,"href":"https:\/\/www.leggoscandinavia.com\/index.php\/wp-json\/wp\/v2\/posts\/11707\/revisions"}],"wp:featuredmedia":[{"embeddable":true,"href":"https:\/\/www.leggoscandinavia.com\/index.php\/wp-json\/wp\/v2\/media\/11708"}],"wp:attachment":[{"href":"https:\/\/www.leggoscandinavia.com\/index.php\/wp-json\/wp\/v2\/media?parent=11707"}],"wp:term":[{"taxonomy":"category","embeddable":true,"href":"https:\/\/www.leggoscandinavia.com\/index.php\/wp-json\/wp\/v2\/categories?post=11707"},{"taxonomy":"post_tag","embeddable":true,"href":"https:\/\/www.leggoscandinavia.com\/index.php\/wp-json\/wp\/v2\/tags?post=11707"}],"curies":[{"name":"wp","href":"https:\/\/api.w.org\/{rel}","templated":true}]}}