{"id":11699,"date":"2026-09-04T14:20:00","date_gmt":"2026-09-04T12:20:00","guid":{"rendered":"https:\/\/www.leggoscandinavia.com\/index.php\/2026\/09\/04\/scuola-a-molndal-evacuata-dopo-una-minaccia\/"},"modified":"2026-09-04T14:20:00","modified_gmt":"2026-09-04T12:20:00","slug":"scuola-a-molndal-evacuata-dopo-una-minaccia","status":"publish","type":"post","link":"https:\/\/www.leggoscandinavia.com\/index.php\/2026\/09\/04\/scuola-a-molndal-evacuata-dopo-una-minaccia\/","title":{"rendered":"Scuola a M\u00f6lndal evacuata dopo una minaccia"},"content":{"rendered":"<p>Venerd\u00ec scorso, una scuola superiore situata a M\u00f6lndal \u00e8 stata evacuata a seguito di una minaccia rivolta agli studenti dell&#8217;istituto. L&#8217;evento ha suscitato preoccupazione tra gli alunni, il personale scolastico e i genitori, richiedendo un&#8217;immediata risposta da parte delle autorit\u00e0 locali.<\/p>\n<p>Il preside della scuola, Bj\u00f6rn Winblad, ha rilasciato alcune dichiarazioni riguardo alla situazione: &#8220;Abbiamo ricevuto informazioni che suggerivano che alcune persone esterne fossero in arrivo nella nostra scuola, e potenzialmente armate.&#8221; Questa notizia ha innescato un&#8217;immediata attivazione dei protocolli di sicurezza previsti per situazioni di emergenza, volto a garantire la sicurezza di tutti gli studenti e il personale nell&#8217;istituto.<\/p>\n<p>Le autorit\u00e0 hanno risposto prontamente all&#8217;allerta, inviando squadre di polizia che hanno circondato l&#8217;area e assicurato che gli accessi alla scuola fossero protetti. Gli studenti sono stati evacuati in modo sicuro e ordinato, mentre le forze dell&#8217;ordine hanno iniziato un&#8217;operazione di verifica all&#8217;interno della scuola e nei suoi dintorni per garantire che non ci fossero minacce effettive in corso.<\/p>\n<p>Il preside Winblad ha aggiunto che la sicurezza degli studenti \u00e8 la massima priorit\u00e0 della scuola. &#8220;Abbiamo subito adottato tutte le misure necessarie per garantire che i nostri ragazzi fossero al sicuro. \u00c8 fondamentale che tutti possano sentirsi protetti mentre si trovano in un ambiente scolastico.\u201d<\/p>\n<p>A seguito di questo episodio, diverse famiglie si sono presentate presso la scuola, preoccupate per la sicurezza dei propri figli. I genitori hanno espresso la loro gratitudine per la velocit\u00e0 e l&#8217;efficacia della risposta da parte delle autorit\u00e0. &#8220;\u00c8 terribile sapere che il nostro futuro possa essere minacciato in un luogo in cui i nostri figli dovrebbero sentirsi al sicuro&#8221;, ha affermato una madre. \u201cSiamo grati che la polizia sia intervenuta rapidamente.\u201d<\/p>\n<p>Il team della scuola ha collaborato strettamente con le forze dell&#8217;ordine per fornire informazioni preziose e contribuire in ogni modo possibile alle indagini in corso. Nonostante la tensione e il panico iniziali, non sono stati segnalati incidenti durante l&#8217;evacuazione, il che ha contribuito a mantenere la calma tra gli studenti.<\/p>\n<p>Al termine dell&#8217;operazione, la polizia ha rassicurato la comunit\u00e0 sull&#8217;assenza di reali pericoli. &#8220;Dopo un&#8217;attenta ispezione dell&#8217;area non abbiamo trovato prove di minacce. Siamo ancora in fase di indagine, ma vogliamo tranquillizzare tutti sul fatto che per ora non esiste una minaccia attuale&#8221;, ha dichiarato un portavoce delle forze dell&#8217;ordine.<\/p>\n<p>Questo tipo di incidente non \u00e8 nuovo per molte scuole in Svezia e in altre nazioni, un segnale dei tempi in cui viviamo, dove la sicurezza all&#8217;interno delle istituzioni educative diventa una priorit\u00e0 sempre pi\u00f9 centrale. Molti esperti discutono anche su come gestire e prevenire tali minacce, enfatizzando l&#8217;importanza di costruire relazioni forti tra le scuole e le forze dell&#8217;ordine.<\/p>\n<p>Il preside Winblad ha concluso il suo intervento spiegando che la scuola rimarr\u00e0 vigile e continuer\u00e0 a lavorare per migliorare le misure di sicurezza. &#8220;Siamo impegnati a garantire un ambiente educativo sicuro, dove gli studenti possano sentirsi liberi di apprendere senza preoccupazioni&#8221;, ha affermato.<\/p>\n<p>\u00c9 chiaro che la sicurezza nei luoghi di apprendimento rimane una questione cruciale. Le scuole, le famiglie e le autorit\u00e0 devono collaborare per creare un contesto in cui gli studenti possano crescere e sviluppare il proprio potenziale senza il timore di minacce esterne. L&#8217;evacuazione della scuola di M\u00f6lndal rappresenta un richiamo all&#8217;attenzione per tutti noi, evidenziando la necessit\u00e0 di un continuo impegno nella protezione dei giovani. <\/p>\n<p>In conclusione, mentre questa situazione ha sollevato momenti di paura e incertezza, ha anche messo in luce il rapido intervento delle autorit\u00e0 e l&#8217;importanza della preparazione e della comunicazione in situazioni di crisi. Speriamo che in futuro tali episodi possano essere ridotti al minimo e che le scuole continuino a essere spazi sicuri per l&#8217;istruzione e la crescita personale.<\/p>\n<p>#leggoscandinavia<\/p>\n","protected":false},"excerpt":{"rendered":"<p>Venerd\u00ec scorso, una scuola superiore situata a M\u00f6lndal \u00e8 stata evacuata a seguito di una minaccia rivolta agli studenti dell&#8217;istituto. L&#8217;evento ha suscitato preoccupazione tra gli alunni, il personale scolastico e i genitori, richiedendo un&#8217;immediata risposta da parte delle autorit\u00e0 locali. Il preside della scuola, Bj\u00f6rn Winblad, ha rilasciato alcune dichiarazioni riguardo alla situazione: &#8220;Abbiamo [&hellip;]<\/p>\n","protected":false},"author":2,"featured_media":11700,"comment_status":"","ping_status":"","sticky":false,"template":"","format":"standard","meta":{"fifu_image_url":"https:\/\/www.leggoscandinavia.com\/wp-content\/uploads\/2026\/02\/leggoscandinavia-stoccolma035.jpg","fifu_image_alt":"","footnotes":""},"categories":[7],"tags":[149,12215,1560,12214,37,54],"class_list":["post-11699","post","type-post","status-publish","format-standard","has-post-thumbnail","category-stoccolma","tag-dopo","tag-evacuata","tag-minaccia","tag-molndal","tag-scuola","tag-una"],"_links":{"self":[{"href":"https:\/\/www.leggoscandinavia.com\/index.php\/wp-json\/wp\/v2\/posts\/11699","targetHints":{"allow":["GET"]}}],"collection":[{"href":"https:\/\/www.leggoscandinavia.com\/index.php\/wp-json\/wp\/v2\/posts"}],"about":[{"href":"https:\/\/www.leggoscandinavia.com\/index.php\/wp-json\/wp\/v2\/types\/post"}],"author":[{"embeddable":true,"href":"https:\/\/www.leggoscandinavia.com\/index.php\/wp-json\/wp\/v2\/users\/2"}],"replies":[{"embeddable":true,"href":"https:\/\/www.leggoscandinavia.com\/index.php\/wp-json\/wp\/v2\/comments?post=11699"}],"version-history":[{"count":0,"href":"https:\/\/www.leggoscandinavia.com\/index.php\/wp-json\/wp\/v2\/posts\/11699\/revisions"}],"wp:featuredmedia":[{"embeddable":true,"href":"https:\/\/www.leggoscandinavia.com\/index.php\/wp-json\/wp\/v2\/media\/11700"}],"wp:attachment":[{"href":"https:\/\/www.leggoscandinavia.com\/index.php\/wp-json\/wp\/v2\/media?parent=11699"}],"wp:term":[{"taxonomy":"category","embeddable":true,"href":"https:\/\/www.leggoscandinavia.com\/index.php\/wp-json\/wp\/v2\/categories?post=11699"},{"taxonomy":"post_tag","embeddable":true,"href":"https:\/\/www.leggoscandinavia.com\/index.php\/wp-json\/wp\/v2\/tags?post=11699"}],"curies":[{"name":"wp","href":"https:\/\/api.w.org\/{rel}","templated":true}]}}