{"id":11697,"date":"2026-09-04T10:40:00","date_gmt":"2026-09-04T08:40:00","guid":{"rendered":"https:\/\/www.leggoscandinavia.com\/index.php\/2026\/09\/04\/ragazzo-di-12-anni-muore-e-padre-rimane-ferito-dopo-lincidente-tra-un-treno-e-unauto-in-un-passaggio-a-livello\/"},"modified":"2026-09-04T10:40:00","modified_gmt":"2026-09-04T08:40:00","slug":"ragazzo-di-12-anni-muore-e-padre-rimane-ferito-dopo-lincidente-tra-un-treno-e-unauto-in-un-passaggio-a-livello","status":"publish","type":"post","link":"https:\/\/www.leggoscandinavia.com\/index.php\/2026\/09\/04\/ragazzo-di-12-anni-muore-e-padre-rimane-ferito-dopo-lincidente-tra-un-treno-e-unauto-in-un-passaggio-a-livello\/","title":{"rendered":"Ragazzo di 12 anni muore e padre rimane ferito dopo l&#8217;incidente tra un treno e un&#8217;auto in un passaggio a livello"},"content":{"rendered":"<p>Un tragico incidente si \u00e8 verificato a un passaggio a livello a Kiltybo, nella contea di Mayo, in Irlanda, dove un ragazzo ha perso la vita e suo padre \u00e8 rimasto ferito dopo che un treno ha investito la loro automobile.<\/p>\n<p>L\u2019incidente \u00e8 avvenuto ieri sera in un\u2019area rurale nei pressi di Ballyhaunis. Il ragazzo di 12 anni si trovava in auto con il padre quando un treno proveniente da Dublino ha colpito il veicolo. I servizi di emergenza sono stati allertati intorno alle 20:45. All\u2019arrivo dei soccorsi, il ragazzo era gi\u00e0 in gravi condizioni. Purtroppo, \u00e8 morto sul posto e il suo decesso \u00e8 stato dichiarato immediatamente.<\/p>\n<p>Il padre, un uomo sulla quarantina, era al volante e ha subito ferite che non mettono in pericolo la vita; \u00e8 stato trasportato d\u2019urgenza in ospedale. Il corpo del giovane sar\u00e0 sottoposto a una autopsia presso l&#8217;ospedale universitario di Mayo, dove \u00e8 stato trasferito.<\/p>\n<p>I passeggeri a bordo del treno, diretto a Westport, sono scesi senza riportare ferite. Secondo quanto riportato dal quotidiano Irish Independent, il ragazzo, la cui identit\u00e0 non \u00e8 stata resa pubblica, stava tornando a casa dopo essere stato a un allenamento con il padre.<\/p>\n<p>Un residente della zona ha commentato l\u2019accaduto, affermando: &#8220;Tutti sono sconvolti. Era un ragazzo bellissimo e la loro \u00e8 una famiglia affettuosa e felice. Come \u00e8 potuto succedere a loro? Siamo tutti increduli.&#8221; Questa testimonianza mostra chiaramente quanto questo tragico episodio abbia colpito la comunit\u00e0 locale.<\/p>\n<p>Iarnr\u00f3d \u00c9ireann, la compagnia ferroviaria irlandese, ha rilasciato una dichiarazione esprimendo le proprie &#8220;pi\u00f9 sentite condoglianze alla famiglia del giovane ragazzo che ha tragicamente perso la vita&#8221;. Hanno confermato che il treno, che partito da Heuston per Westport, ha colpito l\u2019auto del ragazzo al passaggio a livello XM160 di Ballyhaunis poco prima delle 21:00. <\/p>\n<p>Nella comunicazione, \u00e8 stato anche specificato che il servizio di emergenza ha raggiunto il luogo dell\u2019incidente e che An Garda S\u00edoch\u00e1na, la polizia irlandese, \u00e8 rimasta sul posto per assistere le operazioni insieme al personale di Iarnr\u00f3d \u00c9ireann. Tutti i passeggeri del treno sono stati evacuati in sicurezza e sono stati presi accordi per il loro trasporto successivo. <\/p>\n<p>Attualmente, investigatori forensi sono presenti sulla scena per eseguire un esame tecnico e chiarire le circostanze dell\u2019accaduto. La situazione ha suscitato grande preoccupazione e tristezza non solo tra familiari e amici, ma nell&#8217;intera comunit\u00e0 di Mayo e oltre.<\/p>\n<p>Incidenti di questo tipo sollevano importanti questioni riguardo la sicurezza dei passaggi a livello e la necessit\u00e0 di misure adeguate per prevenire futuri incidenti. La tragedia di Kiltybo \u00e8 un doloroso promemoria dell&#8217;importanza di rimanere vigili quando si attraversano le rotaie del treno.<\/p>\n<p>La notizia di questo tragico evento ha colpito profondamente molti in Irlanda, generando un\u2019ondata di condoglianze da parte di altre persone, funzionari e membri della comunit\u00e0. Il pensiero di una giovane vita spezzata in una situazione cos\u00ec imprevista lascia un segno inquietante e duraturo.<\/p>\n<p>Per ricevere aggiornamenti su tutti gli ultimi sviluppi e storie simili, i lettori possono iscriversi alla newsletter di aggiornamento notizie di Metro o attivare le notifiche per ricevere notizie in tempo reale. La comunit\u00e0 \u00e8 invitata a unirsi nel sostegno alla famiglia colpita da questa tragedia e a riflettere sulle misure di sicurezza necess\u00e1rias per garantire che eventi simili non si ripetano in futuro.<\/p>\n<p>L&#8217;indagine intorno all&#8217;incidente \u00e8 ancora in corso. Si sostiene che queste drammatiche circostanze possano stimolare discussioni pi\u00f9 ampie sulla sicurezza in ambito ferroviario e sui mezzi di trasporto. Le autorit\u00e0 locali sono a lavoro per comprendere meglio cosa sia andato storto e come prevenire future tragedie.<\/p>\n<p>#leggoscandinavia<\/p>\n","protected":false},"excerpt":{"rendered":"<p>Un tragico incidente si \u00e8 verificato a un passaggio a livello a Kiltybo, nella contea di Mayo, in Irlanda, dove un ragazzo ha perso la vita e suo padre \u00e8 rimasto ferito dopo che un treno ha investito la loro automobile. L\u2019incidente \u00e8 avvenuto ieri sera in un\u2019area rurale nei pressi di Ballyhaunis. Il ragazzo [&hellip;]<\/p>\n","protected":false},"author":2,"featured_media":11698,"comment_status":"","ping_status":"","sticky":false,"template":"","format":"standard","meta":{"fifu_image_url":"https:\/\/www.leggoscandinavia.com\/wp-content\/uploads\/2026\/02\/leggoscandinavia-mondo033.jpg","fifu_image_alt":"","footnotes":""},"categories":[18],"tags":[647,149,4493,5317,643,3462,5146,6434,2961,2225,600,256,4127],"class_list":["post-11697","post","type-post","status-publish","format-standard","has-post-thumbnail","category-mondo","tag-anni","tag-dopo","tag-ferito","tag-lincidente","tag-livello","tag-muore","tag-padre","tag-passaggio","tag-ragazzo","tag-rimane","tag-tra","tag-treno","tag-unauto"],"_links":{"self":[{"href":"https:\/\/www.leggoscandinavia.com\/index.php\/wp-json\/wp\/v2\/posts\/11697","targetHints":{"allow":["GET"]}}],"collection":[{"href":"https:\/\/www.leggoscandinavia.com\/index.php\/wp-json\/wp\/v2\/posts"}],"about":[{"href":"https:\/\/www.leggoscandinavia.com\/index.php\/wp-json\/wp\/v2\/types\/post"}],"author":[{"embeddable":true,"href":"https:\/\/www.leggoscandinavia.com\/index.php\/wp-json\/wp\/v2\/users\/2"}],"replies":[{"embeddable":true,"href":"https:\/\/www.leggoscandinavia.com\/index.php\/wp-json\/wp\/v2\/comments?post=11697"}],"version-history":[{"count":0,"href":"https:\/\/www.leggoscandinavia.com\/index.php\/wp-json\/wp\/v2\/posts\/11697\/revisions"}],"wp:featuredmedia":[{"embeddable":true,"href":"https:\/\/www.leggoscandinavia.com\/index.php\/wp-json\/wp\/v2\/media\/11698"}],"wp:attachment":[{"href":"https:\/\/www.leggoscandinavia.com\/index.php\/wp-json\/wp\/v2\/media?parent=11697"}],"wp:term":[{"taxonomy":"category","embeddable":true,"href":"https:\/\/www.leggoscandinavia.com\/index.php\/wp-json\/wp\/v2\/categories?post=11697"},{"taxonomy":"post_tag","embeddable":true,"href":"https:\/\/www.leggoscandinavia.com\/index.php\/wp-json\/wp\/v2\/tags?post=11697"}],"curies":[{"name":"wp","href":"https:\/\/api.w.org\/{rel}","templated":true}]}}