{"id":11671,"date":"2026-09-03T20:35:00","date_gmt":"2026-09-03T18:35:00","guid":{"rendered":"https:\/\/www.leggoscandinavia.com\/index.php\/2026\/09\/03\/incidente-tra-bicicletta-e-automobile\/"},"modified":"2026-09-03T20:35:00","modified_gmt":"2026-09-03T18:35:00","slug":"incidente-tra-bicicletta-e-automobile","status":"publish","type":"post","link":"https:\/\/www.leggoscandinavia.com\/index.php\/2026\/09\/03\/incidente-tra-bicicletta-e-automobile\/","title":{"rendered":"Incidente tra bicicletta e automobile"},"content":{"rendered":"<p><strong>Incidente Stradale a Asker: Ciclista Coinvolto in Collisione con un&#8217;Auto<\/strong><\/p>\n<p>Nella serata di gioved\u00ec, i servizi di emergenza sono stati allertati a intervenire ad Asker a seguito di un incidente stradale che ha coinvolto un automobilista e un ciclista. L&#8217;episodio ha suscitato immediata attenzione, non solo da parte delle autorit\u00e0, ma anche da parte della comunit\u00e0 locale, interessata alla sorte del ciclista ferito.<\/p>\n<p>Quando la polizia \u00e8 giunta sul luogo dell&#8217;incidente, hanno trovato un ciclista che necessitava di assistenza medica urgente. Fortunatamente, un medico era presente nei pressi e ha potuto fornire un primo soccorso immediato. L&#8217;intervento tempestivo del professionista sanitario ha contribuito a stabilizzare le condizioni del ciclista, il quale, secondo le prime informazioni fornite dall\u2019operatore di polizia Alexander \u00d8sterhaug, presentava delle ferite significative.<\/p>\n<p>Il ciclista indossava un casco, un elemento che potrebbe aver limitato l&#8217;entit\u00e0 delle ferite alla testa. Tuttavia, nonostante la protezione, ha iniziato a sanguinare dalla testa e ha riportato forti dolori al collo. Questo evidenzia l&#8217;importanza di usare sempre i dispositivi di sicurezza durante la pratica di attivit\u00e0 all&#8217;aperto, come il ciclismo, in un contesto urbano frequentemente caratterizzato da traffico intenso e distrazioni.<\/p>\n<p>Da quanto emerso, sembra che l&#8217;incidente sia stato causato da una violazione della regola della precedenza da parte dell&#8217;automobilista. Il mancato rispetto della segnaletica stradale pu\u00f2 avere conseguenze gravi, come dimostra questo sfortunato evento. Le autorit\u00e0 sono ora impegnate a ricostruire la dinamica dell&#8217;incidente e a raccogliere testimonianze che possano chiarire ulteriormente le circostanze.<\/p>\n<p>Il ciclista \u00e8 stato trasportato d\u2019urgenza al centro di pronto soccorso per ulteriori accertamenti e cure. La gestione tempestiva dei traumi \u00e8 fondamentale in situazioni come queste, poich\u00e9 ritardi nel trattamento potrebbero comportare complicazioni. Il soccorso e l\u2019attenzione alle vittime di incidenti stradali sono aspetti fondamentali per garantire non solo la loro sicurezza, ma anche per sensibilizzare l\u2019opinione pubblica sull&#8217;importanza della prudenza alla guida e nel praticare sport.<\/p>\n<p>Incidenti di questo tipo pongono interrogativi sul comportamento degli automobilisti nei confronti dei ciclisti e, pi\u00f9 in generale, su come le diverse modalit\u00e0 di trasporto possano convivere in sicurezza sulle strade. Le ciclabili e le aree designate per i ciclisti sono sempre pi\u00f9 comuni, ma la loro presenza non esime gli automobilisti dal rispettare le regole della strada e dai comportamenti responsabili.<\/p>\n<p>Il caso di Asker ha gi\u00e0 risuonato all&#8217;interno della comunit\u00e0, richiamando l&#8217;attenzione sulla necessit\u00e0 di una maggiore sensibilizzazione riguardo alla sicurezza stradale. Incontri pubblici, campagne di educazione stradale e tavole rotonde tra ciclisti e automobilisti potrebbero essere preziose nel promuovere una cultura di rispetto reciproco e di maggiore attenzione quando si condivide la strada.<\/p>\n<p>In questo contesto, \u00e8 importante che ogni attore della strada \u2014 automobilisti, ciclisti e pedoni \u2014 assuma un comportamento responsabile. La condivisione dello spazio viario richiede un impegno collettivo a favore della sicurezza e della cortesia. Incidenti come quello di gioved\u00ec sera a Asker possono e devono servire da monito. Ogni piccolo errore pu\u00f2 avere conseguenze gravi e durature, non solo per i diretti coinvolti, ma anche per le loro famiglie e per la societ\u00e0.<\/p>\n<p>In conclusione, mentre gli inquirenti continueranno a indagare sull&#8217;incidente e sulla sua causa, la comunit\u00e0 di Asker si stringe attorno al ciclista ferito, sperando in una pronta guarigione. La sicurezza stradale rimane una priorit\u00e0 che richiede l&#8217;attenzione di tutti, affinch\u00e9 episodi simili non si ripetano in futuro. La strada \u00e8 un luogo di condivisione, dove il rispetto e la prudenza devono sempre prevalere su ogni altro impulso.<\/p>\n<p>#leggoscandinavia<\/p>\n","protected":false},"excerpt":{"rendered":"<p>Incidente Stradale a Asker: Ciclista Coinvolto in Collisione con un&#8217;Auto Nella serata di gioved\u00ec, i servizi di emergenza sono stati allertati a intervenire ad Asker a seguito di un incidente stradale che ha coinvolto un automobilista e un ciclista. L&#8217;episodio ha suscitato immediata attenzione, non solo da parte delle autorit\u00e0, ma anche da parte della [&hellip;]<\/p>\n","protected":false},"author":2,"featured_media":11672,"comment_status":"","ping_status":"","sticky":false,"template":"","format":"standard","meta":{"fifu_image_url":"https:\/\/www.leggoscandinavia.com\/wp-content\/uploads\/2026\/02\/leggoscandinavia-oslo013.jpg","fifu_image_alt":"","footnotes":""},"categories":[5],"tags":[5984,4942,423,600],"class_list":["post-11671","post","type-post","status-publish","format-standard","has-post-thumbnail","category-oslo","tag-automobile","tag-bicicletta","tag-incidente","tag-tra"],"_links":{"self":[{"href":"https:\/\/www.leggoscandinavia.com\/index.php\/wp-json\/wp\/v2\/posts\/11671","targetHints":{"allow":["GET"]}}],"collection":[{"href":"https:\/\/www.leggoscandinavia.com\/index.php\/wp-json\/wp\/v2\/posts"}],"about":[{"href":"https:\/\/www.leggoscandinavia.com\/index.php\/wp-json\/wp\/v2\/types\/post"}],"author":[{"embeddable":true,"href":"https:\/\/www.leggoscandinavia.com\/index.php\/wp-json\/wp\/v2\/users\/2"}],"replies":[{"embeddable":true,"href":"https:\/\/www.leggoscandinavia.com\/index.php\/wp-json\/wp\/v2\/comments?post=11671"}],"version-history":[{"count":0,"href":"https:\/\/www.leggoscandinavia.com\/index.php\/wp-json\/wp\/v2\/posts\/11671\/revisions"}],"wp:featuredmedia":[{"embeddable":true,"href":"https:\/\/www.leggoscandinavia.com\/index.php\/wp-json\/wp\/v2\/media\/11672"}],"wp:attachment":[{"href":"https:\/\/www.leggoscandinavia.com\/index.php\/wp-json\/wp\/v2\/media?parent=11671"}],"wp:term":[{"taxonomy":"category","embeddable":true,"href":"https:\/\/www.leggoscandinavia.com\/index.php\/wp-json\/wp\/v2\/categories?post=11671"},{"taxonomy":"post_tag","embeddable":true,"href":"https:\/\/www.leggoscandinavia.com\/index.php\/wp-json\/wp\/v2\/tags?post=11671"}],"curies":[{"name":"wp","href":"https:\/\/api.w.org\/{rel}","templated":true}]}}