{"id":11639,"date":"2026-09-03T14:45:00","date_gmt":"2026-09-03T12:45:00","guid":{"rendered":"https:\/\/www.leggoscandinavia.com\/index.php\/2026\/09\/03\/un-minuto-di-silenzio-nei-trasporti-pubblici-mercoledi\/"},"modified":"2026-09-03T14:45:00","modified_gmt":"2026-09-03T12:45:00","slug":"un-minuto-di-silenzio-nei-trasporti-pubblici-mercoledi","status":"publish","type":"post","link":"https:\/\/www.leggoscandinavia.com\/index.php\/2026\/09\/03\/un-minuto-di-silenzio-nei-trasporti-pubblici-mercoledi\/","title":{"rendered":"Un minuto di silenzio nei trasporti pubblici mercoled\u00ec"},"content":{"rendered":"<h3>L&#8217;Italia ricorda il funerale del Re Harald: un momento di silenzio nazionale<\/h3>\n<p>Mercoled\u00ec prossimo, alle ore 13:00, l&#8217;intero Paese si unir\u00e0 in un momento di silenzio per commemorare il funerale del Re Harald. Questa iniziativa coinvolger\u00e0 anche i mezzi di trasporto pubblici, che si fermeranno per un minuto in segno di rispetto e omaggio.<\/p>\n<p>Secondo quanto comunicato da Ruter, i bus, i tram e le metropolitane di tutto il Paese si fermeranno nelle stazioni pi\u00f9 vicine e non effettueranno alcuna corsa per un minuto. Questa azione simboleggia l&#8217;importanza del momento e il rispetto nei confronti di una figura che ha avuto un grande impatto sulla nazione.<\/p>\n<p>Anche Vy, la compagnia ferroviaria, parteciper\u00e0 a questa commemorazione a livello nazionale. I treni si fermeranno presso la stazione pi\u00f9 vicina, contribuendo a creare un&#8217;atmosfera di riflessione e rispetto tra i passeggeri. L&#8217;iniziativa mira a riunire la popolazione in un gesto collettivo di cordoglio, permettendo a tutti di onorare la memoria del Re.<\/p>\n<p>L&#8217;importanza di questi momenti di silenzio risiede nella loro capacit\u00e0 di unire le persone. In un&#8217;epoca in cui siamo spesso distratti dai ritmi frenetici della vita quotidiana, ricordare figure storiche come il Re Harald ci invita a riflettere sui valori e le tradizioni che ci legano come nazione. <\/p>\n<p>La figura del Re Harald non rappresenta solo una monarchia, ma \u00e8 simbolo di unit\u00e0 e stabilit\u00e0 per il Paese. I suoi anni di regno hanno visto importanti cambiamenti sociali e politici, ma anche momenti di sinergia e crescita per la comunit\u00e0. Questo momento di silenzio sar\u00e0 un&#8217;opportunit\u00e0 per molti di esprimere la loro gratitudine per il servizio del Re e per riflettere su quanto abbia significato per la nostra cultura e identit\u00e0.<\/p>\n<p>I mezzi di trasporto pubblico, come tram e metropolitane, saranno un luogo privilegiato per vivere questo momento collettivo. Durante l&#8217;interruzione, i passeggeri avranno la possibilit\u00e0 di fermarsi, ascoltare il silenzio e partecipare a questo gesto di rispetto. \u00c8 un&#8217;opportunit\u00e0 per i cittadini di riconoscere l&#8217;importanza delle figure pubbliche e il loro impatto sulle nostre vite.<\/p>\n<p>Inoltre, il silenzio potr\u00e0 rappresentare anche una riflessione personale su cosa il Re Harald abbia significato per ciascuno di noi. In un\u2019epoca in cui le notizie e gli eventi si susseguono a un ritmo incessante, questi momenti di pausa ci permettono di connetterci con le nostre emozioni e i nostri ricordi. Ci ricordano l&#8217;importanza di fermarci e riflettere su ci\u00f2 che conta davvero.<\/p>\n<p>Il supporto delle compagnie di trasporto nella realizzazione di questo momento di silenzio evidenzia il valore che la societ\u00e0 attribuisce alla cultura e alle tradizioni. \u00c8 fondamentale che aziende e istituzioni collaborino affinch\u00e8 questi eventi vengano celebrati e ricordati. La partecipazione collettiva \u00e8 ci\u00f2 che rende questi eventi cos\u00ec significativi e memorabili.<\/p>\n<p>Ogni cittadino \u00e8 invitato a contribuire a questo momento di riflessione, non solo attraverso la presenza ma anche condividendo il proprio pensiero sui social media, utilizzando hashtag dedicati o partecipando ad eventi locali organizzati in occasione del funerale. L&#8217;importante \u00e8 sentire di far parte di qualcosa di pi\u00f9 grande, di una comunit\u00e0 che si unisce per onorare la memoria di una figura storica.<\/p>\n<p>In conclusione, mercoled\u00ec prossimo, alle 13:00, il Paese si fermer\u00e0 in silenzio per rendere omaggio al Re Harald. Che si tratti di viaggiatori nei mezzi pubblici, cittadini nelle piazze o famiglie riunite nelle proprie case, ognuno avr\u00e0 l&#8217;opportunit\u00e0 di ricordare e riflettere. Questa celebrazione \u00e8 un invito a tutti noi a mantenere vive le tradizioni, a onorare le figure che hanno plasmato la nostra storia e a riconoscere il valore della comunit\u00e0 in momenti di commemorazione.<\/p>\n<p>#leggoscandinavia<\/p>\n","protected":false},"excerpt":{"rendered":"<p>L&#8217;Italia ricorda il funerale del Re Harald: un momento di silenzio nazionale Mercoled\u00ec prossimo, alle ore 13:00, l&#8217;intero Paese si unir\u00e0 in un momento di silenzio per commemorare il funerale del Re Harald. Questa iniziativa coinvolger\u00e0 anche i mezzi di trasporto pubblici, che si fermeranno per un minuto in segno di rispetto e omaggio. Secondo [&hellip;]<\/p>\n","protected":false},"author":2,"featured_media":11640,"comment_status":"","ping_status":"","sticky":false,"template":"","format":"standard","meta":{"fifu_image_url":"https:\/\/www.leggoscandinavia.com\/wp-content\/uploads\/2026\/02\/leggoscandinavia-oslo034.jpg","fifu_image_alt":"","footnotes":""},"categories":[5],"tags":[683,8640,660,773,1950,1008],"class_list":["post-11639","post","type-post","status-publish","format-standard","has-post-thumbnail","category-oslo","tag-mercoledi","tag-minuto","tag-nei","tag-pubblici","tag-silenzio","tag-trasporti"],"_links":{"self":[{"href":"https:\/\/www.leggoscandinavia.com\/index.php\/wp-json\/wp\/v2\/posts\/11639","targetHints":{"allow":["GET"]}}],"collection":[{"href":"https:\/\/www.leggoscandinavia.com\/index.php\/wp-json\/wp\/v2\/posts"}],"about":[{"href":"https:\/\/www.leggoscandinavia.com\/index.php\/wp-json\/wp\/v2\/types\/post"}],"author":[{"embeddable":true,"href":"https:\/\/www.leggoscandinavia.com\/index.php\/wp-json\/wp\/v2\/users\/2"}],"replies":[{"embeddable":true,"href":"https:\/\/www.leggoscandinavia.com\/index.php\/wp-json\/wp\/v2\/comments?post=11639"}],"version-history":[{"count":0,"href":"https:\/\/www.leggoscandinavia.com\/index.php\/wp-json\/wp\/v2\/posts\/11639\/revisions"}],"wp:featuredmedia":[{"embeddable":true,"href":"https:\/\/www.leggoscandinavia.com\/index.php\/wp-json\/wp\/v2\/media\/11640"}],"wp:attachment":[{"href":"https:\/\/www.leggoscandinavia.com\/index.php\/wp-json\/wp\/v2\/media?parent=11639"}],"wp:term":[{"taxonomy":"category","embeddable":true,"href":"https:\/\/www.leggoscandinavia.com\/index.php\/wp-json\/wp\/v2\/categories?post=11639"},{"taxonomy":"post_tag","embeddable":true,"href":"https:\/\/www.leggoscandinavia.com\/index.php\/wp-json\/wp\/v2\/tags?post=11639"}],"curies":[{"name":"wp","href":"https:\/\/api.w.org\/{rel}","templated":true}]}}