{"id":11631,"date":"2026-09-03T11:56:00","date_gmt":"2026-09-03T09:56:00","guid":{"rendered":"https:\/\/www.leggoscandinavia.com\/index.php\/2026\/09\/03\/musicista-moglie-incinta-bambino-e-la-loro-tata-trovati-morti-in-casa\/"},"modified":"2026-09-03T11:56:00","modified_gmt":"2026-09-03T09:56:00","slug":"musicista-moglie-incinta-bambino-e-la-loro-tata-trovati-morti-in-casa","status":"publish","type":"post","link":"https:\/\/www.leggoscandinavia.com\/index.php\/2026\/09\/03\/musicista-moglie-incinta-bambino-e-la-loro-tata-trovati-morti-in-casa\/","title":{"rendered":"Musicista, moglie incinta, bambino e la loro tata trovati morti in casa"},"content":{"rendered":"<p><strong>Tragico Omicidio del Musicista Jonathan Mel\u00e9ndez e della sua Famiglia: Due Arrestati<\/strong><\/p>\n<p>Il musicista Jonathan Mel\u00e9ndez, tastierista della band indie rock messicana Camilo S\u00e9ptimo, \u00e8 stato tragicamente ucciso insieme alla moglie incinta, al loro bambino e alla baby-sitter. Le autorit\u00e0 hanno trovato i corpi della famiglia all&#8217;interno del loro appartamento nei pressi di Citt\u00e0 del Messico, e la notizia ha suscitato un&#8217;ondata di shock in tutto il paese.<\/p>\n<p>Jonathan Mel\u00e9ndez, di 38 anni, era un membro fondatore della band, e tra le vittime si trovavano sua moglie, Ana Paola, di 35 anni e in stato interessante, la loro bambina di tre anni e Aleida Romero Victorio, la loro baby-sitter di 21 anni. Le indagini hanno rivelato che anche il loro cane \u00e8 stato trovato morto, legato per le zampe, un dettaglio che ha reso la situazione ancora pi\u00f9 straziante.<\/p>\n<p>Secondo quanto riportato dai media locali, i corpi sono stati scoperti in un lasso di tempo compreso tra le 17:30 e le 19:40 di marted\u00ec. Tutte le vittime presentavano ferite da arma da fuoco. Un altro dato sconvolgente emerso dall&#8217;indagine \u00e8 che il loro bambino di sei anni \u00e8 stato trovato vivo e illeso.<\/p>\n<p>Ana Paola era incinta di circa quattro mesi al momento della sua morte. Lorena Victorio Cabrera, zia di Aleida, ha dichiarato: &#8220;Era una ragazza molto laboriosa e responsabile, che non meritava di subire questo destino terribile.&#8221; L&#8217;orrore di questo crimine ha fatto pagina nei notiziari e ha portato a una riflessione sull&#8217;insicurezza che affligge il Paese.<\/p>\n<p>Dopo le indagini preliminari, due uomini sono stati arrestati con l&#8217;accusa di omicidio. Uno dei sospetti sarebbe un socio in affari di una delle vittime e si sospetta abbia sfruttato il loro rapporto per accedere al domicilio della famiglia. Le autorit\u00e0 hanno confermato che gli arresti sono avvenuti dopo un&#8217;indagine mirata, ma i dettagli specifici sul movente non sono stati divulgati.<\/p>\n<p>La band Camilo S\u00e9ptimo, da cui Jonathan Mel\u00e9ndez era originario, ha reso omaggio al suo membro e amico scomparso attraverso i social media, dichiarando: &#8220;Oggi onoriamo e celebriamo la sua vita, la sua musica, la sua luce e ci\u00f2 che ha condiviso con noi, che siamo stati fortunati a conoscerlo e a camminare al suo fianco.&#8221; Hanno aggiunto che Mel\u00e9ndez e sua figlia &#8220;vivranno per sempre nei nostri cuori&#8221;.<\/p>\n<p>Camilo S\u00e9ptimo \u00e8 stata fondata nel 2013 e il gruppo \u00e8 composto anche dal cantante Manuel Mendoza e dal chitarrista Erik V\u00e1zquez. Hanno pubblicato quattro album in studio, il pi\u00f9 recente dei quali, &#8220;Jard\u00edn de las almas&#8221;, \u00e8 uscito nel 2023. La loro musica \u00e8 ispirata da artisti come Daft Punk, Arctic Monkeys e Devendra Banhart, e il loro stile \u00e8 stato ben accolto dalla critica e dal pubblico.<\/p>\n<p>Il segretario della sicurezza pubblica del Messico, Omar Garc\u00eda Harfuch, ha rivelato che gli arresti sono avvenuti nel corso delle indagini e ha promesso di seguire questo caso con la massima attenzione. La brutalit\u00e0 di questo omicidio ha scosso le comunit\u00e0, non solo a livello locale ma anche internazionale, portando le persone a riflettere sulla crescente violenza nel paese.<\/p>\n<p>La famiglia Mel\u00e9ndez rappresentava non solo un talento musicale, ma anche un simbolo della vita familiare e dei sogni che molti coltivano. La band e i fan hanno espresso il loro cordoglio per una perdita cos\u00ec tragica. Questo evento ha sollevato domande sulla sicurezza e sulla protezione delle famiglie in Messico, dove episodi di violenza simili hanno avuto luogo in passato.<\/p>\n<p>La speranza ora \u00e8 che la giustizia venga servita e che gli assassini di Jonathan Mel\u00e9ndez e della sua famiglia vengano puniti per il loro crimine orrendo. La tragedia ha colpito nel profondo non solo i familiari e gli amici della vittima, ma anche molti che hanno ammirato il talento della band e la loro musica. In un momento di dolore e perdita, la comunit\u00e0 si unisce per onorare la memoria di Jonathan e della sua famiglia.<\/p>\n<p>#leggoscandinavia<\/p>\n","protected":false},"excerpt":{"rendered":"<p>Tragico Omicidio del Musicista Jonathan Mel\u00e9ndez e della sua Famiglia: Due Arrestati Il musicista Jonathan Mel\u00e9ndez, tastierista della band indie rock messicana Camilo S\u00e9ptimo, \u00e8 stato tragicamente ucciso insieme alla moglie incinta, al loro bambino e alla baby-sitter. Le autorit\u00e0 hanno trovato i corpi della famiglia all&#8217;interno del loro appartamento nei pressi di Citt\u00e0 del [&hellip;]<\/p>\n","protected":false},"author":2,"featured_media":11632,"comment_status":"","ping_status":"","sticky":false,"template":"","format":"standard","meta":{"fifu_image_url":"https:\/\/www.leggoscandinavia.com\/wp-content\/uploads\/2026\/02\/leggoscandinavia-mondo002.jpg","fifu_image_alt":"","footnotes":""},"categories":[18],"tags":[1770,375,8299,1045,392,740,12170,12171,2654],"class_list":["post-11631","post","type-post","status-publish","format-standard","has-post-thumbnail","category-mondo","tag-bambino","tag-casa","tag-incinta","tag-loro","tag-moglie","tag-morti","tag-musicista","tag-tata","tag-trovati"],"_links":{"self":[{"href":"https:\/\/www.leggoscandinavia.com\/index.php\/wp-json\/wp\/v2\/posts\/11631","targetHints":{"allow":["GET"]}}],"collection":[{"href":"https:\/\/www.leggoscandinavia.com\/index.php\/wp-json\/wp\/v2\/posts"}],"about":[{"href":"https:\/\/www.leggoscandinavia.com\/index.php\/wp-json\/wp\/v2\/types\/post"}],"author":[{"embeddable":true,"href":"https:\/\/www.leggoscandinavia.com\/index.php\/wp-json\/wp\/v2\/users\/2"}],"replies":[{"embeddable":true,"href":"https:\/\/www.leggoscandinavia.com\/index.php\/wp-json\/wp\/v2\/comments?post=11631"}],"version-history":[{"count":0,"href":"https:\/\/www.leggoscandinavia.com\/index.php\/wp-json\/wp\/v2\/posts\/11631\/revisions"}],"wp:featuredmedia":[{"embeddable":true,"href":"https:\/\/www.leggoscandinavia.com\/index.php\/wp-json\/wp\/v2\/media\/11632"}],"wp:attachment":[{"href":"https:\/\/www.leggoscandinavia.com\/index.php\/wp-json\/wp\/v2\/media?parent=11631"}],"wp:term":[{"taxonomy":"category","embeddable":true,"href":"https:\/\/www.leggoscandinavia.com\/index.php\/wp-json\/wp\/v2\/categories?post=11631"},{"taxonomy":"post_tag","embeddable":true,"href":"https:\/\/www.leggoscandinavia.com\/index.php\/wp-json\/wp\/v2\/tags?post=11631"}],"curies":[{"name":"wp","href":"https:\/\/api.w.org\/{rel}","templated":true}]}}