{"id":11587,"date":"2026-09-02T19:23:00","date_gmt":"2026-09-02T17:23:00","guid":{"rendered":"https:\/\/www.leggoscandinavia.com\/index.php\/2026\/09\/02\/sopravvissuto-alla-sparatoria-scolastica-a-trollhattan-ora-il-preside-avverte-contro-lodio-come-forza-trainante\/"},"modified":"2026-09-02T19:23:00","modified_gmt":"2026-09-02T17:23:00","slug":"sopravvissuto-alla-sparatoria-scolastica-a-trollhattan-ora-il-preside-avverte-contro-lodio-come-forza-trainante","status":"publish","type":"post","link":"https:\/\/www.leggoscandinavia.com\/index.php\/2026\/09\/02\/sopravvissuto-alla-sparatoria-scolastica-a-trollhattan-ora-il-preside-avverte-contro-lodio-come-forza-trainante\/","title":{"rendered":"Sopravvissuto alla sparatoria scolastica a Trollh\u00e4ttan: ora il preside avverte contro l&#8217;odio come forza trainante"},"content":{"rendered":"<h3>Un\u2019attacco ispirato dalla paura: il caso di Fagersta e il suo legame con il passato<\/h3>\n<p>Recentemente, un episodio drammatico ha scosso la comunit\u00e0 di Fagersta, in Svezia, dove un sospetto aggressore sembra essersi ispirato a un attacco avvenuto in una scuola di Trollh\u00e4ttan nel 2015. In quel tragico evento, il preside Djeno Mahic riusc\u00ec a sopravvivere e oggi torna a parlare del suo incubo, sottolineando come le tensioni politiche contribuiscano a coltivare un ambiente di odio e divisione.<\/p>\n<p>L\u2019argomento della violenza nelle scuole \u00e8 tornato tragicamente alla ribalta, ponendo interrogativi inquietanti sulla salute sociale e il clima di sicurezza all&#8217;interno delle istituzioni educative. Le esperienze passate di Mahic, non solo come sopravvissuto a un attacco, ma anche come educatore, offrono una prospettiva unica e profonda sul tema.<\/p>\n<p>&#8220;In questi ultimi anni, sembra che ci sia una normalizzazione dell&#8217;odio&#8221;, afferma il preside Mahic. &#8220;Si ha l\u2019impressione che le persone non siano pi\u00f9 in grado di discutere e confrontarsi senza ricorrere all\u2019insulto o alla violenza. Questo cambiamento \u00e8 inquietante e pericoloso&#8221;.<\/p>\n<p>L\u2019attacco di Fagersta ha richiamato alla mente non solo il ricordo del massacro di Trollh\u00e4ttan, ma anche le preoccupazioni pi\u00f9 ampie riguardanti il clima politico e sociale attuale. Il preside Mahic critica la classe politica, accusandola di fomentare l\u2019odio tra diverse comunit\u00e0 e di non prendere sul serio la responsabilit\u00e0 di promuovere un dialogo costruttivo.<\/p>\n<p>Le parole di Mahic sono un richiamo urgente a riflettere su come il linguaggio e le narrazioni pubbliche possano influenzare i comportamenti individuali. &#8220;Le dichiarazioni politiche sono potenti; possono alimentare l\u2019odio o promuovere la comprensione&#8221;, continua. &#8220;Quando i leader politici pongono le comunit\u00e0 l&#8217;uno contro l&#8217;altra, non solo minano la coesione sociale, ma possono anche innescare comportamenti violenti&#8221;.<\/p>\n<p>Il contesto attuale, caratterizzato da divisioni sempre pi\u00f9 marcate, sembra favorire un clima in cui atti di violenza, come quello avvenuto a Fagersta, possono prendere piede. Mahic si chiede come si possa costruire una societ\u00e0 pi\u00f9 inclusiva e pacifica, contrapponendo la sua esperienza di vita alla crescente polarizzazione e alla dissociazione sociale.<\/p>\n<p>\u201cNon possiamo limitare la nostra responsabilit\u00e0 a etichettare o stigmatizzare i responsabili di tali atti. Dobbiamo affrontare le radici dell&#8217;odio\u201d, afferma con decisione. Egli riconosce l\u2019importanza della prevenzione, puntando su un\u2019educazione che promuova empatia, rispetto e comprensione reciproca tra gli studenti.<\/p>\n<p>Ma come si pu\u00f2 prevedere un simile futuro? Mahic invita tutti noi a ripensare le nostre scelte quotidiane, invitando a praticare l\u2019empatia nelle nostre interazioni quotidiane. Ogni parola, ogni azione pu\u00f2 avere un impatto, e il modo in cui trattiamo gli altri pu\u00f2 contribuire a un cambiamento fondamentale nell\u2019atteggiamento collettivo.<\/p>\n<p>Il caso di Fagersta \u00e8 un monito che non possiamo trascurare. La violenza ha molte facce, e spesso radici profonde che affondano nelle dinamiche sociali e politiche. Le istituzioni educative, come le scuole, possono e devono diventare spazi sicuri in cui i giovani possano apprendere non solo le materie scolastiche, ma anche valori civici fondamentali come la tolleranza e il rispetto per la diversit\u00e0.<\/p>\n<p>La testimonianza del preside Mahic \u00e8 un invito alla riflessione, un grido d\u2019allerta per tutti noi affinch\u00e9 ci impegniamo a combattere contro l\u2019odio e l\u2019intolleranza che, purtroppo, sembrano farsi strada nel nostro discorso quotidiano. Riunirci attorno ad ideali positivi, ascoltando e sostenendo l\u2019uno l\u2019altro, potrebbe essere fondamentale per costruire un futuro migliore per le generazioni a venire.<\/p>\n<p>In conclusione, la violenza, che si manifesta in eventi drammatici come quelli avvenuti a Fagersta o a Trollh\u00e4ttan, non pu\u00f2 essere semplicemente condannata. \u00c8 necessario andare oltre, chiedendoci quali siano le responsabilit\u00e0 di ognuno di noi nella costruzione di una societ\u00e0 pi\u00f9 pacifica e inclusiva. Dobbiamo unirci per dare vita a un futuro in cui l\u2019odio e la divisione non abbiano pi\u00f9 posto.<\/p>\n<p>#leggoscandinavia<\/p>\n","protected":false},"excerpt":{"rendered":"<p>Un\u2019attacco ispirato dalla paura: il caso di Fagersta e il suo legame con il passato Recentemente, un episodio drammatico ha scosso la comunit\u00e0 di Fagersta, in Svezia, dove un sospetto aggressore sembra essersi ispirato a un attacco avvenuto in una scuola di Trollh\u00e4ttan nel 2015. In quel tragico evento, il preside Djeno Mahic riusc\u00ec a [&hellip;]<\/p>\n","protected":false},"author":2,"featured_media":11588,"comment_status":"","ping_status":"","sticky":false,"template":"","format":"standard","meta":{"fifu_image_url":"https:\/\/www.leggoscandinavia.com\/wp-content\/uploads\/2026\/02\/leggoscandinavia-stoccolma037.jpg","fifu_image_alt":"","footnotes":""},"categories":[7],"tags":[36,323,260,7825,1316,1494,12048,7627,7086,30,12149,12148],"class_list":["post-11587","post","type-post","status-publish","format-standard","has-post-thumbnail","category-stoccolma","tag-alla","tag-avverte","tag-contro","tag-forza","tag-lodio","tag-ora","tag-preside","tag-scolastica","tag-sopravvissuto","tag-sparatoria","tag-trainante","tag-trollhattan"],"_links":{"self":[{"href":"https:\/\/www.leggoscandinavia.com\/index.php\/wp-json\/wp\/v2\/posts\/11587","targetHints":{"allow":["GET"]}}],"collection":[{"href":"https:\/\/www.leggoscandinavia.com\/index.php\/wp-json\/wp\/v2\/posts"}],"about":[{"href":"https:\/\/www.leggoscandinavia.com\/index.php\/wp-json\/wp\/v2\/types\/post"}],"author":[{"embeddable":true,"href":"https:\/\/www.leggoscandinavia.com\/index.php\/wp-json\/wp\/v2\/users\/2"}],"replies":[{"embeddable":true,"href":"https:\/\/www.leggoscandinavia.com\/index.php\/wp-json\/wp\/v2\/comments?post=11587"}],"version-history":[{"count":0,"href":"https:\/\/www.leggoscandinavia.com\/index.php\/wp-json\/wp\/v2\/posts\/11587\/revisions"}],"wp:featuredmedia":[{"embeddable":true,"href":"https:\/\/www.leggoscandinavia.com\/index.php\/wp-json\/wp\/v2\/media\/11588"}],"wp:attachment":[{"href":"https:\/\/www.leggoscandinavia.com\/index.php\/wp-json\/wp\/v2\/media?parent=11587"}],"wp:term":[{"taxonomy":"category","embeddable":true,"href":"https:\/\/www.leggoscandinavia.com\/index.php\/wp-json\/wp\/v2\/categories?post=11587"},{"taxonomy":"post_tag","embeddable":true,"href":"https:\/\/www.leggoscandinavia.com\/index.php\/wp-json\/wp\/v2\/tags?post=11587"}],"curies":[{"name":"wp","href":"https:\/\/api.w.org\/{rel}","templated":true}]}}