{"id":11573,"date":"2026-09-02T11:43:00","date_gmt":"2026-09-02T09:43:00","guid":{"rendered":"https:\/\/www.leggoscandinavia.com\/index.php\/2026\/09\/02\/circa-45-000-persone-potranno-dare-laddio-alla-bara-del-re-harald\/"},"modified":"2026-09-02T11:43:00","modified_gmt":"2026-09-02T09:43:00","slug":"circa-45-000-persone-potranno-dare-laddio-alla-bara-del-re-harald","status":"publish","type":"post","link":"https:\/\/www.leggoscandinavia.com\/index.php\/2026\/09\/02\/circa-45-000-persone-potranno-dare-laddio-alla-bara-del-re-harald\/","title":{"rendered":"Circa 45.000 persone potranno dare l&#8217;addio alla bara del re Harald"},"content":{"rendered":"<p>Il Palazzo Reale ha annunciato che circa 45.000 persone avranno l&#8217;opportunit\u00e0 di rendere omaggio alla salma di re Harald prima del suo funerale, secondo quanto riportato dall&#8217;agenzia NTB. <\/p>\n<p>Ieri, il Cappella Reale ha aperto le porte al pubblico, consentendo ai cittadini di avvicinarsi per dare un ultimo saluto al loro amato monarca. Secondo le informazioni fornite dalla Casa Reale, in media, 738 persone l&#8217;ora si sono avvicinate lentamente alla bara, mostrando rispetto e affetto nei confronti del re.<\/p>\n<p>Sia ieri che oggi, ci sono state lunghe code all&#8217;esterno del cappella, evidenziando l&#8217;intenso desiderio della popolazione di partecipare a questo momento solenne e significativo. Questo afflusso di visitatori dimostra quanto fosse amato re Harald e quanto segno profondo ha lasciato nella vita degli abitanti.<\/p>\n<p>L&#8217;apertura del Cappella Reale e la possibilit\u00e0 di rendere omaggio alla salma del re rappresentano un&#8217;importante occasione per la comunit\u00e0 di unirsi nei ricordi e nel lutto. Nonostante il dolore per la perdita, la visita offre un&#8217;opportunit\u00e0 di riflessione e di celebrazione della vita del re, che ha guidato il Paese con saggezza e dedizione.<\/p>\n<p>La Casa Reale ha voluto sottolineare l&#8217;importanza di questo momento, incoraggiando le persone a partecipare e a onorare la memoria di Harald. La cerimonia funebre si prepara ad essere un evento di grande rilevanza, non solo per la famiglia reale, ma per tutti i cittadini, i quali possono esprimere il loro riconoscimento e la loro gratitudine per il servizio reso dal re.<\/p>\n<p>Con la sua morte, molti stanno rievocando i momenti salienti del regno di Harald, la sua umanit\u00e0 e il forte legame che ha instaurato con il popolo norvegese. Le visite al Cappella Reale sono un modo tangibile per condividere il dolore e il ricordo, creando un senso di comunit\u00e0 in un momento di grande tristezza. <\/p>\n<p>Le lunghe attese al di fuori del cappella testimoniano l&#8217;affetto e il rispetto per una figura cos\u00ec emblematica della nazione. Ogni visitatore porta con s\u00e9 una storia, un ricordo personale o un pensiero per il re, creando un ambiente di profonda riflessione e rispetto.<\/p>\n<p>Mentre il Paese si prepara al funerale, queste immagini di solidariet\u00e0 e partecipazione rappresentano il desiderio collettivo di onorare re Harald non solo come sovrano, ma come uomo che ha dedicato la sua vita a servire il suo popolo. La Casa Reale ha incoraggiato tutti coloro che desiderano partecipare a rispettare le norme di sicurezza e ordine, in modo che l\u2019evento si svolga in maniera dignitosa e rispettosa.<\/p>\n<p>Il funerale di re Harald si preannuncia come un evento di grande portata, con la partecipazione di dignitari, membri della famiglia reale di altri Paesi e rappresentanti della comunit\u00e0. \u00c8 un&#8217;importante occasione per riflettere sulla eredit\u00e0 di un sovrano che ha incarnato valori di unit\u00e0 e rispetto, e la Casa Reale si sta preparando a dare il giusto tributo alla memoria di un re che ha dedicato tutta la sua vita alla Norvegia.<\/p>\n<p>In questo spirito di celebrazione e commemorazione, la Casa Reale ha invitato tutti a unirsi in questo momento di ricordo, sottolineando che la vita e l&#8217;eredit\u00e0 di re Harald continueranno a vivere nella memoria collettiva del suo popolo. La lunga fila di visitatori al Cappella Reale \u00e8 simbolo di un legame che va oltre la monarchia, rappresentando un vero e proprio affetto verso un sovrano che ha fatto molto per il suo Paese.<\/p>\n<p>In conclusione, l&#8217;opportunit\u00e0 di rendere omaggio al re offre un momento di riflessione per tutti, invitando ognuno a esprimere la propria riconoscenza per un regno che ha saputo unire e rispecchiare i valori della Norvegia. Con profondo rispetto, il popolo attende il giorno del funerale, pronti a dire addio a un re che sar\u00e0 sempre ricordato per la sua integrit\u00e0 e il suo amore per il Paese.<\/p>\n<p>#leggoscandinavia<\/p>\n","protected":false},"excerpt":{"rendered":"<p>Il Palazzo Reale ha annunciato che circa 45.000 persone avranno l&#8217;opportunit\u00e0 di rendere omaggio alla salma di re Harald prima del suo funerale, secondo quanto riportato dall&#8217;agenzia NTB. Ieri, il Cappella Reale ha aperto le porte al pubblico, consentendo ai cittadini di avvicinarsi per dare un ultimo saluto al loro amato monarca. Secondo le informazioni [&hellip;]<\/p>\n","protected":false},"author":2,"featured_media":11574,"comment_status":"","ping_status":"","sticky":false,"template":"","format":"standard","meta":{"fifu_image_url":"https:\/\/www.leggoscandinavia.com\/wp-content\/uploads\/2026\/02\/leggoscandinavia-oslo004.jpg","fifu_image_alt":"","footnotes":""},"categories":[5],"tags":[36,10374,1255,226,10346,12130,84,4033],"class_list":["post-11573","post","type-post","status-publish","format-standard","has-post-thumbnail","category-oslo","tag-alla","tag-bara","tag-circa","tag-del","tag-harald","tag-laddio","tag-persone","tag-potranno"],"_links":{"self":[{"href":"https:\/\/www.leggoscandinavia.com\/index.php\/wp-json\/wp\/v2\/posts\/11573","targetHints":{"allow":["GET"]}}],"collection":[{"href":"https:\/\/www.leggoscandinavia.com\/index.php\/wp-json\/wp\/v2\/posts"}],"about":[{"href":"https:\/\/www.leggoscandinavia.com\/index.php\/wp-json\/wp\/v2\/types\/post"}],"author":[{"embeddable":true,"href":"https:\/\/www.leggoscandinavia.com\/index.php\/wp-json\/wp\/v2\/users\/2"}],"replies":[{"embeddable":true,"href":"https:\/\/www.leggoscandinavia.com\/index.php\/wp-json\/wp\/v2\/comments?post=11573"}],"version-history":[{"count":0,"href":"https:\/\/www.leggoscandinavia.com\/index.php\/wp-json\/wp\/v2\/posts\/11573\/revisions"}],"wp:featuredmedia":[{"embeddable":true,"href":"https:\/\/www.leggoscandinavia.com\/index.php\/wp-json\/wp\/v2\/media\/11574"}],"wp:attachment":[{"href":"https:\/\/www.leggoscandinavia.com\/index.php\/wp-json\/wp\/v2\/media?parent=11573"}],"wp:term":[{"taxonomy":"category","embeddable":true,"href":"https:\/\/www.leggoscandinavia.com\/index.php\/wp-json\/wp\/v2\/categories?post=11573"},{"taxonomy":"post_tag","embeddable":true,"href":"https:\/\/www.leggoscandinavia.com\/index.php\/wp-json\/wp\/v2\/tags?post=11573"}],"curies":[{"name":"wp","href":"https:\/\/api.w.org\/{rel}","templated":true}]}}