{"id":11547,"date":"2026-09-01T21:59:00","date_gmt":"2026-09-01T19:59:00","guid":{"rendered":"https:\/\/www.leggoscandinavia.com\/index.php\/2026\/09\/01\/nepal-da-laddio-alle-vittime-della-frana\/"},"modified":"2026-09-01T21:59:00","modified_gmt":"2026-09-01T19:59:00","slug":"nepal-da-laddio-alle-vittime-della-frana","status":"publish","type":"post","link":"https:\/\/www.leggoscandinavia.com\/index.php\/2026\/09\/01\/nepal-da-laddio-alle-vittime-della-frana\/","title":{"rendered":"Nepal d\u00e0 l&#8217;addio alle vittime della frana."},"content":{"rendered":"<p><strong>Le Vittime di una Catastrofe Naturale: Un Addio Straziante a Katmandu<\/strong><\/p>\n<p>Katmandu, capitale del Nepal, \u00e8 un luogo di grande significato culturale e spirituale, ma in questi giorni \u00e8 avvolto da un&#8217;atmosfera di tristezza e lutto. La nazione sta attraversando momenti difficili mentre inizia a dire addio alle vittime di una recente catastrofe naturale che ha sconvolto il paese. Fra queste vittime si trova Niraj Bhandari, un uomo di appena 32 anni, la cui scomparsa ha scosso profondamente la comunit\u00e0 e i suoi cari.<\/p>\n<p>Un drammatico momento di commiato si \u00e8 svolto in uno dei luoghi di cremazione storici di Katmandu, un&#8217;area che da secoli \u00e8 testimone di addii e riti funebri. Qui, i familiari e gli amici di Niraj si sono riuniti per rendere omaggio a un uomo amato e rispettato. Tra di loro c&#8217;era sua moglie, la quale, sopraffatta dalla disperazione, ha espresso il suo dolore in modo straziante e viscerale. Le sue urla hanno risuonato nell&#8217;aria, un eco di una perdita imprevista e indescrivibile. <\/p>\n<p>La scena \u00e8 stata intensificata dalla presenza di molti altri familiari e amici, ognuno di loro intento a piangere la perdita di Niraj e a sostenere la sua vedova nel momento pi\u00f9 difficile della sua vita. Le espressioni di lutto si mescolavano con un\u2019atmosfera di compartecipazione e supporto reciproco, tipico delle comunit\u00e0 nepalesi, dove la famiglia e l\u2019amicizia sono valori fondamentali.<\/p>\n<p>Nel corso della cerimonia, i presenti hanno condiviso ricordi, aneddoti e riflessioni su Niraj, celebrando la sua vita e il suo spirito. \u00c8 un momento in cui il dolore si trasforma lentamente in una celebrazione della vita perduta, un passo verso la guarigione collettiva. La figura di Niraj, con la sua bont\u00e0, il suo sorriso e la sua gentilezza, continuer\u00e0 a vivere nei cuori di coloro che l&#8217;hanno conosciuto.<\/p>\n<p>La tragedia di questa catastrofe naturale ha colpito non solo quelli che conoscevano Niraj, ma ha avuto un impatto su tutta la nazione. In un momento in cui i nepalesi cercano di rialzarsi dopo tale perdita, ognuno sente il peso delle fondazioni di un&#8217;intera comunit\u00e0 in lutto. Le immagini di pianto, di abbracci e di supporto reciproco rimarranno impresse nella memoria collettiva, come testimonianza della resilienza del popolo nepaliano.<\/p>\n<p>La perdita di vite umane in seguito a eventi naturali porta alla luce le vulnerabilit\u00e0 di una nazione che, nonostante gli sforzi per migliorare la pianificazione e la risposta alle emergenze, continua a essere esposta a rischi significativi. Il Nepal, situato in una delle aree pi\u00f9 terremotate del mondo, deve affrontare non solo gli effetti immediati di taluni disastri, ma anche le ripercussioni a lungo termine sulla sua popolazione e sulla sua economia.<\/p>\n<p>Mentre si svolgono i funerali e si piangono le vittime, la solidariet\u00e0 della comunit\u00e0 diventa un faro di speranza. I cittadini si uniscono per raccogliere fondi, offrire supporto psicologico e aiutare le famiglie colpite a ricostruire le proprie vite. Questo spirito di unit\u00e0 \u00e8 una caratteristica distintiva del popolo nepaliano, che ha dimostrato, in molte occasioni, capacit\u00e0 resiliente e di sostegno reciproco nei momenti pi\u00f9 bui.<\/p>\n<p>L\u2019addio a Niraj Bhandari rappresenta solo uno dei tanti racconti di dolore in questo periodo difficile. Ogni giorno, molte altre famiglie stanno affrontando la stessa angoscia e lo stesso vuoto lasciato da una vita perduta troppo presto. E mentre il governo e le organizzazioni internazionali si attivano per fornire aiuti e risorse, \u00e8 fondamentale non dimenticare l\u2019importanza di recuperare e onorare le vite spezzate, mantenendo viva la memoria di coloro che non ci sono pi\u00f9.<\/p>\n<p>In conclusione, Katmandu, con i suoi bellissimi paesaggi e la ricchezza della sua cultura, \u00e8 oggi teatro di un dolore profondo. Ma in mezzo alla tragedia, riaffiora la forza di un popolo che, unito nella sofferenza, trova la motivazione per ricostruire e avanzare. La vita di Niraj Bhandari e di tutte le altre vittime sar\u00e0 sempre ricordata, non solo come una perdita, ma come una testimonianza della fragilit\u00e0 e della bellezza della vita stessa.<\/p>\n<p>#leggoscandinavia<\/p>\n","protected":false},"excerpt":{"rendered":"<p>Le Vittime di una Catastrofe Naturale: Un Addio Straziante a Katmandu Katmandu, capitale del Nepal, \u00e8 un luogo di grande significato culturale e spirituale, ma in questi giorni \u00e8 avvolto da un&#8217;atmosfera di tristezza e lutto. La nazione sta attraversando momenti difficili mentre inizia a dire addio alle vittime di una recente catastrofe naturale che [&hellip;]<\/p>\n","protected":false},"author":2,"featured_media":11548,"comment_status":"","ping_status":"","sticky":false,"template":"","format":"standard","meta":{"fifu_image_url":"https:\/\/www.leggoscandinavia.com\/wp-content\/uploads\/2026\/02\/leggoscandinavia-stoccolma021.jpg","fifu_image_alt":"","footnotes":""},"categories":[7],"tags":[1147,3781,63,12131,12130,9308,3989],"class_list":["post-11547","post","type-post","status-publish","format-standard","has-post-thumbnail","category-stoccolma","tag-alle","tag-da","tag-della","tag-frana","tag-laddio","tag-nepal","tag-vittime"],"_links":{"self":[{"href":"https:\/\/www.leggoscandinavia.com\/index.php\/wp-json\/wp\/v2\/posts\/11547","targetHints":{"allow":["GET"]}}],"collection":[{"href":"https:\/\/www.leggoscandinavia.com\/index.php\/wp-json\/wp\/v2\/posts"}],"about":[{"href":"https:\/\/www.leggoscandinavia.com\/index.php\/wp-json\/wp\/v2\/types\/post"}],"author":[{"embeddable":true,"href":"https:\/\/www.leggoscandinavia.com\/index.php\/wp-json\/wp\/v2\/users\/2"}],"replies":[{"embeddable":true,"href":"https:\/\/www.leggoscandinavia.com\/index.php\/wp-json\/wp\/v2\/comments?post=11547"}],"version-history":[{"count":0,"href":"https:\/\/www.leggoscandinavia.com\/index.php\/wp-json\/wp\/v2\/posts\/11547\/revisions"}],"wp:featuredmedia":[{"embeddable":true,"href":"https:\/\/www.leggoscandinavia.com\/index.php\/wp-json\/wp\/v2\/media\/11548"}],"wp:attachment":[{"href":"https:\/\/www.leggoscandinavia.com\/index.php\/wp-json\/wp\/v2\/media?parent=11547"}],"wp:term":[{"taxonomy":"category","embeddable":true,"href":"https:\/\/www.leggoscandinavia.com\/index.php\/wp-json\/wp\/v2\/categories?post=11547"},{"taxonomy":"post_tag","embeddable":true,"href":"https:\/\/www.leggoscandinavia.com\/index.php\/wp-json\/wp\/v2\/tags?post=11547"}],"curies":[{"name":"wp","href":"https:\/\/api.w.org\/{rel}","templated":true}]}}