{"id":11515,"date":"2026-09-01T11:52:00","date_gmt":"2026-09-01T09:52:00","guid":{"rendered":"https:\/\/www.leggoscandinavia.com\/index.php\/2026\/09\/01\/la-protesta-dei-trattori-causa-disagi-al-traffico-in-diverse-citta-danesi\/"},"modified":"2026-09-01T11:52:00","modified_gmt":"2026-09-01T09:52:00","slug":"la-protesta-dei-trattori-causa-disagi-al-traffico-in-diverse-citta-danesi","status":"publish","type":"post","link":"https:\/\/www.leggoscandinavia.com\/index.php\/2026\/09\/01\/la-protesta-dei-trattori-causa-disagi-al-traffico-in-diverse-citta-danesi\/","title":{"rendered":"La protesta dei trattori causa disagi al traffico in diverse citt\u00e0 danesi"},"content":{"rendered":"<p><strong>Manifestazioni Trattoristiche in Danimarca: Un Richiamo alla Sostenibilit\u00e0 Agricola<\/strong><\/p>\n<p>Marted\u00ec, in diverse parti della Danimarca, si stanno svolgendo manifestazioni di trattori che attirano l&#8217;attenzione sull&#8217;importanza dell&#8217;agricoltura e della sostenibilit\u00e0. Le strade danesi si colorano di verde mentre i protagonisti di queste manifestazioni sollevano la voce per il futuro dell&#8217;agricoltura nel paese.<\/p>\n<p>A Copenhagen, un corteo di trattori ha attraversato il centro citt\u00e0, passando di fronte a luoghi emblematici come Kongens Nytorv e Christiansborg, prima di dirigersi verso Kalvebod Brygge. La presenza dei trattori, simbolo della lotta dei contadini danesi, \u00e8 un chiaro segnale della determinazione degli agricoltori a rivendicare i loro diritti e a sensibilizzare l\u2019opinione pubblica riguardo alle sfide che affrontano.<\/p>\n<p>La manifestazione \u00e8 stata organizzata dal gruppo \u201cNo farmers, no food, no future\u201d insieme all&#8217;associazione B\u00e6redygtigt Landbrug, unita dalla volont\u00e0 di promuovere pratiche agricole sostenibili e sottolineare l&#8217;importanza del lavoro agricolo per la sicurezza alimentare e l\u2019equilibrio ambientale del paese. Circa 35 trattori si sono mobilitati ad Aarhus, dirigendosi verso Universitetsparken, creando un impatto visivo potente che non \u00e8 passato inosservato tra i residenti e i turisti.<\/p>\n<p>Ma perch\u00e9 questa mobilitazione \u00e8 cos\u00ec cruciale? Negli ultimi anni, gli agricoltori danesi hanno affrontato una serie di sfide legate alle politiche agricole, al cambiamento climatico e alla crescente pressione economica. Le norme ambientali sempre pi\u00f9 rigide, seppur necessarie per garantire la sostenibilit\u00e0 ecologica, possono avere un impatto significativo sulle pratiche agricole tradizionali.<\/p>\n<p>Gli agricoltori sostengono che le politiche attuali non tengono conto delle reali difficolt\u00e0 che affrontano. Mentre il governo e le autorit\u00e0 cercano di promuovere l\u2019agricoltura sostenibile, \u00e8 fondamentale anche garantire che i produttori abbiano gli strumenti e le risorse necessari per continuare a operare e contribuire all&#8217;economia. Le manifestazioni di oggi sollecitano una revisione delle politiche agricole, evidenziando la necessit\u00e0 di un dialogo costruttivo tra agricoltori e legislatori.<\/p>\n<p>In questo contesto, la richiesta di sostegno per i praticanti dell&#8217;agricoltura sostenibile \u00e8 diventata una priorit\u00e0. Le manifestazioni servono non solo a far sentire la voce degli agricoltori, ma anche a educare il pubblico sull&#8217;importanza dell&#8217;agricoltura locale e la produzione alimentare sana. La frase &#8220;No farmers, no food, no future&#8221; assume un significato profondo: senza agricoltura, le comunit\u00e0 non possono prosperare e il futuro della nostra alimentazione \u00e8 a rischio.<\/p>\n<p>La mobilitazione non si limita solo a Copenhagen e Aarhus. Anche altre citt\u00e0 danesi stanno ospitando eventi simili, dimostrando una coesione tra agricoltori e sostenitori in tutto il paese. Questi eventi sono l&#8217;occasione per lanciare appelli al governo affinch\u00e9 investa pi\u00f9 risorse nel sostegno all&#8217;agricoltura, nella ricerca di pratiche innovative e nella promozione di una filiera alimentare sostenibile e responsabile.<\/p>\n<p>Le manifestazioni di marted\u00ec rappresentano quindi un momento cruciale di unit\u00e0 e determinazione. La partecipazione attiva di agricoltori e cittadini dimostra che c&#8217;\u00e8 una forte volont\u00e0 di proteggere le radici agricole danesi e di adattarsi ai cambiamenti futuri. La mobilizzazione \u00e8 anche un segnale che la societ\u00e0 civile \u00e8 disposta a prendere posizione per il bene comune e a lottare per garantire un futuro in cui l&#8217;agricoltura possa prosperare.<\/p>\n<p>In conclusione, le manifestazioni di trattori che si stanno svolgendo in Danimarca sono pi\u00f9 di una semplice protesta: sono un richiamo alla responsabilit\u00e0 collettiva di garantire un futuro sostenibile per l&#8217;agricoltura e la nostra alimentazione. Con l\u2019aumento della consapevolezza riguardo alle questioni agricole, \u00e8 fondamentale che gli agricoltori continuino a far sentire la loro voce, affinch\u00e9 le politiche future possano riflettere le loro esigenze e promuovere una relazione equilibrata tra produzione agricola e sostenibilit\u00e0 ambientale. Solo cos\u00ec possiamo assicurare che, in Danimarca, l&#8217;agricoltura possa continuare a fiorire e contribuire al benessere di tutti.<\/p>\n<p>#leggoscandinavia<\/p>\n","protected":false},"excerpt":{"rendered":"<p>Manifestazioni Trattoristiche in Danimarca: Un Richiamo alla Sostenibilit\u00e0 Agricola Marted\u00ec, in diverse parti della Danimarca, si stanno svolgendo manifestazioni di trattori che attirano l&#8217;attenzione sull&#8217;importanza dell&#8217;agricoltura e della sostenibilit\u00e0. Le strade danesi si colorano di verde mentre i protagonisti di queste manifestazioni sollevano la voce per il futuro dell&#8217;agricoltura nel paese. A Copenhagen, un corteo [&hellip;]<\/p>\n","protected":false},"author":2,"featured_media":11516,"comment_status":"","ping_status":"","sticky":false,"template":"","format":"standard","meta":{"fifu_image_url":"https:\/\/www.leggoscandinavia.com\/wp-content\/uploads\/2026\/02\/leggoscandinavia-copenaghen050.jpg","fifu_image_alt":"","footnotes":""},"categories":[3],"tags":[115,339,1407,223,185,663,2301,384,12110],"class_list":["post-11515","post","type-post","status-publish","format-standard","has-post-thumbnail","category-copenaghen","tag-causa","tag-citta","tag-danesi","tag-dei","tag-disagi","tag-diverse","tag-protesta","tag-traffico","tag-trattori"],"_links":{"self":[{"href":"https:\/\/www.leggoscandinavia.com\/index.php\/wp-json\/wp\/v2\/posts\/11515","targetHints":{"allow":["GET"]}}],"collection":[{"href":"https:\/\/www.leggoscandinavia.com\/index.php\/wp-json\/wp\/v2\/posts"}],"about":[{"href":"https:\/\/www.leggoscandinavia.com\/index.php\/wp-json\/wp\/v2\/types\/post"}],"author":[{"embeddable":true,"href":"https:\/\/www.leggoscandinavia.com\/index.php\/wp-json\/wp\/v2\/users\/2"}],"replies":[{"embeddable":true,"href":"https:\/\/www.leggoscandinavia.com\/index.php\/wp-json\/wp\/v2\/comments?post=11515"}],"version-history":[{"count":0,"href":"https:\/\/www.leggoscandinavia.com\/index.php\/wp-json\/wp\/v2\/posts\/11515\/revisions"}],"wp:featuredmedia":[{"embeddable":true,"href":"https:\/\/www.leggoscandinavia.com\/index.php\/wp-json\/wp\/v2\/media\/11516"}],"wp:attachment":[{"href":"https:\/\/www.leggoscandinavia.com\/index.php\/wp-json\/wp\/v2\/media?parent=11515"}],"wp:term":[{"taxonomy":"category","embeddable":true,"href":"https:\/\/www.leggoscandinavia.com\/index.php\/wp-json\/wp\/v2\/categories?post=11515"},{"taxonomy":"post_tag","embeddable":true,"href":"https:\/\/www.leggoscandinavia.com\/index.php\/wp-json\/wp\/v2\/tags?post=11515"}],"curies":[{"name":"wp","href":"https:\/\/api.w.org\/{rel}","templated":true}]}}