{"id":11505,"date":"2026-09-01T09:48:00","date_gmt":"2026-09-01T07:48:00","guid":{"rendered":"https:\/\/www.leggoscandinavia.com\/index.php\/2026\/09\/01\/tomas-ramberg-la-ricetta-di-reinfeldt-potrebbe-portare-alla-caduta-di-kristersson\/"},"modified":"2026-09-01T09:48:00","modified_gmt":"2026-09-01T07:48:00","slug":"tomas-ramberg-la-ricetta-di-reinfeldt-potrebbe-portare-alla-caduta-di-kristersson","status":"publish","type":"post","link":"https:\/\/www.leggoscandinavia.com\/index.php\/2026\/09\/01\/tomas-ramberg-la-ricetta-di-reinfeldt-potrebbe-portare-alla-caduta-di-kristersson\/","title":{"rendered":"Tomas Ramberg: La ricetta di Reinfeldt potrebbe portare alla caduta di Kristersson"},"content":{"rendered":"<p><strong>Il fallimento della strategia di Ulf Kristersson: una riflessione sulle alleanze politiche<\/strong><\/p>\n<p>Ulf Kristersson, leader del partito moderato svedese, ha tentato di conquistare il consenso elettorale presentando un fronte compatto e unito. Tuttavia, le sue aspirazioni sembrano essere sfumate: i critici del leader moderato sostengono che la promessa di posti ministeriali a Jimmie \u00c5kesson, leader del partito dei Democratici svedesi, si sia rivelata un errore strategico. Tuttavia, \u00e8 importante notare che questo fondamentale bivio politico \u00e8 stato deciso molto prima delle attuali elezioni.<\/p>\n<p>La situazione politica in Svezia \u00e8 complessa e caratterizzata da un ecosistema di alleanze e rivalit\u00e0 che influenzano profondamente i risultati elettorali. Kristersson aveva in mente una strategia di unificazione che avrebbe dovuto mostrare un partito moderato forte, capace di attrarre un numero maggiore di elettori, in particolare quelli del centro-destra. L&#8217;idea era quella di presentarsi come l&#8217;alternativa credibile davanti a un panorama politico frammentato. Tuttavia, il suo approccio ha portato a incertezze e fraintendimenti, specialmente riguardo alla sua collaborazione con i Democratici svedesi, un partito controverso, spesso associato a posizioni estremiste e xenofobe.<\/p>\n<p>Le promesse fatte ad \u00c5kesson, infatti, hanno sollevato preoccupazioni e critiche non solo da parte degli oppositori politici, ma anche all&#8217;interno dello stesso campo moderato. Molti elettori, abituati a una politica basata su valori liberali e inclusivi, hanno trovato difficile accettare la crescente vicinanza del loro leader a un partito con posizioni cos\u00ec radicali. Questo ha creato un divario tra Kristersson e una parte della sua base elettorale tradizionale, portando a un indebolimento del suo supporto.<\/p>\n<p>Analizzando la situazione, \u00e8 evidente che la crisi di Kristersson non si limita solamente a una questione di alleanze, ma rappresenta anche una riflessione pi\u00f9 ampia sui valori e sulle identit\u00e0 politiche in gioco. L&#8217;alleanza con i Democratici svedesi, necessaria per raggiungere un consenso sufficiente in Parlamento, ha posto interrogativi sui principi morali e politici che dovrebbero guidare il movimento moderato. Molti scelgono di non identificarsi pi\u00f9 con un partito che sembra allontanarsi dai propri valori fondanti, in nome di una convenienza elettorale.<\/p>\n<p>In questo contesto, il dibattito riguardante la coesione del fronte moderato svedese si \u00e8 intensificato. I critici di Kristersson ritengono che la sua visione di un\u2019alleanza forte e unita sia stata intaccata dalla necessit\u00e0 di dover negoziare con forze politiche che potrebbero compromettere l\u2019immagine del partito. Le conseguenze della sua strategia potrebbero rivelarsi deleterie: non solo per la sua leadership, ma anche per il futuro del partito.<\/p>\n<p>Oltre a questo, le scelte fatte da Kristersson non possono essere considerate isolatamente. La polarizzazione della scena politica svedese, in cui i partiti tradizionali stanno perdendo terreno a favore di forze pi\u00f9 radicali e meno ortodosse, ha fatto s\u00ec che la caccia ai voti sia diventata un tema di primaria importanza. Questo ha portato a una ristrutturazione delle dinamiche politiche, creando un\u2019opportunit\u00e0 per i partiti pi\u00f9 estremisti di guadagnare consensi, spingendo figure come Kristersson verso alleanze sempre pi\u00f9 rischiose.<\/p>\n<p>In ultima analisi, ci\u00f2 che \u00e8 emerso dalla strategia di Ulf Kristersson \u00e8 una lezione di avvertimento per tutti i leader politici. La giustificazione di alleanze strategiche, come quella con i Democratici svedesi, non pu\u00f2 venire a scapito dei principi fondanti di un partito. L\u2019approccio e la dedizione al consenso devono sempre essere bilanciati con l\u2019integrit\u00e0 e la coerenza politica, valori che sono fondamentali per mantenere il supporto dell&#8217;elettorato.<\/p>\n<p>Mentre Kristersson affronta le conseguenze delle sue scelte strategiche, la Svezia rimane in attesa di un\u2019evoluzione politica che potrebbe ridefinire il panorama elettorale negli anni a venire. L\u2019abilit\u00e0 dei leader nel navigare in queste acque tempestose sar\u00e0 determinante non solo per il futuro dei loro partiti, ma anche per la democrazia svedese nel suo complesso.<\/p>\n<p>#leggoscandinavia<\/p>\n","protected":false},"excerpt":{"rendered":"<p>Il fallimento della strategia di Ulf Kristersson: una riflessione sulle alleanze politiche Ulf Kristersson, leader del partito moderato svedese, ha tentato di conquistare il consenso elettorale presentando un fronte compatto e unito. Tuttavia, le sue aspirazioni sembrano essere sfumate: i critici del leader moderato sostengono che la promessa di posti ministeriali a Jimmie \u00c5kesson, leader [&hellip;]<\/p>\n","protected":false},"author":2,"featured_media":11506,"comment_status":"","ping_status":"","sticky":false,"template":"","format":"standard","meta":{"fifu_image_url":"https:\/\/www.leggoscandinavia.com\/wp-content\/uploads\/2026\/02\/leggoscandinavia-stoccolma051.jpg","fifu_image_alt":"","footnotes":""},"categories":[7],"tags":[36,2779,520,207,206,5710,12102,940,6781],"class_list":["post-11505","post","type-post","status-publish","format-standard","has-post-thumbnail","category-stoccolma","tag-alla","tag-caduta","tag-kristersson","tag-portare","tag-potrebbe","tag-ramberg","tag-reinfeldt","tag-ricetta","tag-tomas"],"_links":{"self":[{"href":"https:\/\/www.leggoscandinavia.com\/index.php\/wp-json\/wp\/v2\/posts\/11505","targetHints":{"allow":["GET"]}}],"collection":[{"href":"https:\/\/www.leggoscandinavia.com\/index.php\/wp-json\/wp\/v2\/posts"}],"about":[{"href":"https:\/\/www.leggoscandinavia.com\/index.php\/wp-json\/wp\/v2\/types\/post"}],"author":[{"embeddable":true,"href":"https:\/\/www.leggoscandinavia.com\/index.php\/wp-json\/wp\/v2\/users\/2"}],"replies":[{"embeddable":true,"href":"https:\/\/www.leggoscandinavia.com\/index.php\/wp-json\/wp\/v2\/comments?post=11505"}],"version-history":[{"count":0,"href":"https:\/\/www.leggoscandinavia.com\/index.php\/wp-json\/wp\/v2\/posts\/11505\/revisions"}],"wp:featuredmedia":[{"embeddable":true,"href":"https:\/\/www.leggoscandinavia.com\/index.php\/wp-json\/wp\/v2\/media\/11506"}],"wp:attachment":[{"href":"https:\/\/www.leggoscandinavia.com\/index.php\/wp-json\/wp\/v2\/media?parent=11505"}],"wp:term":[{"taxonomy":"category","embeddable":true,"href":"https:\/\/www.leggoscandinavia.com\/index.php\/wp-json\/wp\/v2\/categories?post=11505"},{"taxonomy":"post_tag","embeddable":true,"href":"https:\/\/www.leggoscandinavia.com\/index.php\/wp-json\/wp\/v2\/tags?post=11505"}],"curies":[{"name":"wp","href":"https:\/\/api.w.org\/{rel}","templated":true}]}}