{"id":11495,"date":"2026-08-31T08:48:00","date_gmt":"2026-08-31T06:48:00","guid":{"rendered":"https:\/\/www.leggoscandinavia.com\/index.php\/2026\/08\/31\/un-nuovo-video-mostra-la-spaventosa-corsa-per-i-giubbotti-di-salvataggio-prima-che-il-traghetto-affondi-a-cipro\/"},"modified":"2026-08-31T08:48:00","modified_gmt":"2026-08-31T06:48:00","slug":"un-nuovo-video-mostra-la-spaventosa-corsa-per-i-giubbotti-di-salvataggio-prima-che-il-traghetto-affondi-a-cipro","status":"publish","type":"post","link":"https:\/\/www.leggoscandinavia.com\/index.php\/2026\/08\/31\/un-nuovo-video-mostra-la-spaventosa-corsa-per-i-giubbotti-di-salvataggio-prima-che-il-traghetto-affondi-a-cipro\/","title":{"rendered":"Un nuovo video mostra la spaventosa corsa per i giubbotti di salvataggio prima che il traghetto affondi a Cipro"},"content":{"rendered":"<p><strong>Tragedia in Mare: Il Naufragio del Filo Jet al Largo di Cipro del Nord<\/strong><\/p>\n<p>Un tragico incidente marittimo ha segnato la costa settentrionale di Cipro, dove il traghetto Filo Jet, con a bordo circa 270 passeggeri e membri dell&#8217;equipaggio, si \u00e8 rovesciato poco dopo la partenza dalla citt\u00e0 di Kyrenia in direzione di Tasucu, in Turchia. La tragedia ha causato almeno otto morti e ha lasciato 18 persone disperse, mentre i soccorsi sono stati mobilitati per cercare i dispersi.<\/p>\n<p>La scena a bordo del traghetto \u00e8 stata descritta come caotica: i passeggeri si sono affrettati a indossare i giubbotti di salvataggio mentre la nave affondava. Alcuni di loro, in un momento di panico, hanno tentato di portare con s\u00e9 i propri zaini mentre il natante si inclinandosi. Testimoni oculari hanno riportato che il Filo Jet si muoveva in modo erratico, sollevandosi ripetutamente dall&#8217;acqua per poi schiantarsi di nuovo, fino a quando il violento impatto non ha causato la rottura della prua del catamarano.<\/p>\n<p>Efe Multici, un sopravvissuto, ha descritto l&#8217;esperienza traumatica: &#8220;La nave si muoveva molto male. Continuava a sollevarsi dall&#8217;acqua e a ricadere violentemente. Dopo tre o quattro minuti, il traghetto \u00e8 saltato in alto nel cielo, per poi schiantarsi di nuovo. Il lato anteriore sinistro si \u00e8 aperto e l&#8217;acqua ha cominciato a entrare&#8221;. Le immagini condivise sui social media mostrano la frenesia e il terrore a bordo mentre i viaggiatori tentavano di salvarsi.<\/p>\n<p>Le autorit\u00e0 locali hanno arrestato sia il capitano che sette membri dell&#8217;equipaggio mentre venivano avviate indagini sul naufragio. La tragedia si \u00e8 verificata nel contesto di una forte tempesta che ha colpito Cipro nel weekend, durante la quale anche alcune imbarcazioni prive di esperienza sono andate in avaria contro le rocce della costa meridionale dell&#8217;isola. Tuttavia, le autorit\u00e0 avevano ritenuto le condizioni meteorologiche di domenica abbastanza sicure per la navigazione.<\/p>\n<p>Tufan Erhurman, leader dei ciprioti turchi, ha espresso il suo profondo cordoglio per l&#8217;incidente, definendolo un evento che ha scioccato le comunit\u00e0 locali. &#8220;C&#8217;\u00e8 un grande senso di shock qui. Questo non \u00e8 qualcosa che abbiamo mai vissuto prima&#8221;, ha dichiarato durante una conferenza stampa. Sono stati attivati sforzi per utilizzare la tecnologia al fine di contattare i passeggeri ancora intrappolati nella nave in difficolt\u00e0.<\/p>\n<p>Il presidente turco, Tayyip Erdogan, ha offerto le sue condoglianze e ha assicurato che &#8220;gli sforzi per raggiungere coloro che sono ancora dispersi continuano senza sosta&#8221;. Ha aggiunto: &#8220;Se Dio vuole, speriamo di ricevere notizie positive da questi sforzi&#8221;. Le autorit\u00e0 stanno lavorando incessantemente per recuperare i dispersi e garantire che i sopravvissuti ricevano le cure necessarie.<\/p>\n<p>Questa tragica vicenda ha suscitato una forte reazione da parte dell&#8217;opinione pubblica, con molti che si interrogano su come sia potuto accadere un simile disastro in un&#8217;operazione di navigazione considerata sicura. L&#8217;attenzione ora si concentra non solo sul recupero delle vittime e dei dispersi, ma anche sulle misure di sicurezza che devono essere adottate per evitare che incidenti simili si ripetano in futuro.<\/p>\n<p>In questo momento difficile, la comunit\u00e0 locale e le autorit\u00e0 sono unite nel dolore e nei tentativi di affrontare le conseguenze di questa tragedia. La speranza di ritrovare i dispersi e il supporto delle famiglie colpite rimane alto, mentre il numero delle vittime potrebbe purtroppo aumentare con il progredire delle operazioni di soccorso.<\/p>\n<p>Le notizie continuano a giungere, e la popolazione segue con ansia gli aggiornamenti. Se desiderate rimanere informati su questa tragica situazione e su altre notizie, non esitate a iscrivervi alla nostra newsletter per ricevere gli aggiornamenti pi\u00f9 recenti. La situazione \u00e8 in continua evoluzione, ma la priorit\u00e0 rimane quella di salvaguardare vite umane e garantire il sostegno necessario a chi ha subito questa terribile esperienza.<\/p>\n<p>#leggoscandinavia<\/p>\n","protected":false},"excerpt":{"rendered":"<p>Tragedia in Mare: Il Naufragio del Filo Jet al Largo di Cipro del Nord Un tragico incidente marittimo ha segnato la costa settentrionale di Cipro, dove il traghetto Filo Jet, con a bordo circa 270 passeggeri e membri dell&#8217;equipaggio, si \u00e8 rovesciato poco dopo la partenza dalla citt\u00e0 di Kyrenia in direzione di Tasucu, in [&hellip;]<\/p>\n","protected":false},"author":2,"featured_media":11496,"comment_status":"","ping_status":"","sticky":false,"template":"","format":"standard","meta":{"fifu_image_url":"https:\/\/www.leggoscandinavia.com\/wp-content\/uploads\/2026\/02\/leggoscandinavia-mondo011.jpg","fifu_image_alt":"","footnotes":""},"categories":[18],"tags":[12098,301,9592,3546,12097,377,201,1020,8213,12096,12056,1003],"class_list":["post-11495","post","type-post","status-publish","format-standard","has-post-thumbnail","category-mondo","tag-affondi","tag-che","tag-cipro","tag-corsa","tag-giubbotti","tag-mostra","tag-nuovo","tag-prima","tag-salvataggio","tag-spaventosa","tag-traghetto","tag-video"],"_links":{"self":[{"href":"https:\/\/www.leggoscandinavia.com\/index.php\/wp-json\/wp\/v2\/posts\/11495","targetHints":{"allow":["GET"]}}],"collection":[{"href":"https:\/\/www.leggoscandinavia.com\/index.php\/wp-json\/wp\/v2\/posts"}],"about":[{"href":"https:\/\/www.leggoscandinavia.com\/index.php\/wp-json\/wp\/v2\/types\/post"}],"author":[{"embeddable":true,"href":"https:\/\/www.leggoscandinavia.com\/index.php\/wp-json\/wp\/v2\/users\/2"}],"replies":[{"embeddable":true,"href":"https:\/\/www.leggoscandinavia.com\/index.php\/wp-json\/wp\/v2\/comments?post=11495"}],"version-history":[{"count":0,"href":"https:\/\/www.leggoscandinavia.com\/index.php\/wp-json\/wp\/v2\/posts\/11495\/revisions"}],"wp:featuredmedia":[{"embeddable":true,"href":"https:\/\/www.leggoscandinavia.com\/index.php\/wp-json\/wp\/v2\/media\/11496"}],"wp:attachment":[{"href":"https:\/\/www.leggoscandinavia.com\/index.php\/wp-json\/wp\/v2\/media?parent=11495"}],"wp:term":[{"taxonomy":"category","embeddable":true,"href":"https:\/\/www.leggoscandinavia.com\/index.php\/wp-json\/wp\/v2\/categories?post=11495"},{"taxonomy":"post_tag","embeddable":true,"href":"https:\/\/www.leggoscandinavia.com\/index.php\/wp-json\/wp\/v2\/tags?post=11495"}],"curies":[{"name":"wp","href":"https:\/\/api.w.org\/{rel}","templated":true}]}}