{"id":11485,"date":"2026-08-31T11:48:00","date_gmt":"2026-08-31T09:48:00","guid":{"rendered":"https:\/\/www.leggoscandinavia.com\/index.php\/2026\/08\/31\/donna-di-22-anni-uccisa-in-un-rave-in-svizzera-foto-disponibile\/"},"modified":"2026-08-31T11:48:00","modified_gmt":"2026-08-31T09:48:00","slug":"donna-di-22-anni-uccisa-in-un-rave-in-svizzera-foto-disponibile","status":"publish","type":"post","link":"https:\/\/www.leggoscandinavia.com\/index.php\/2026\/08\/31\/donna-di-22-anni-uccisa-in-un-rave-in-svizzera-foto-disponibile\/","title":{"rendered":"Donna di 22 anni uccisa in un rave in Svizzera: foto disponibile"},"content":{"rendered":"<p><strong>Maria Spinelli, 22 anni, vittima di un tragico sparatoria a un rave in Svizzera<\/strong><\/p>\n<p>Maria Spinelli, una giovane italiana di 22 anni, \u00e8 stata uccisa in una sparatoria avvenuta durante un rave in Svizzera. Questo tragico evento ha scosso profondamente non solo la comunit\u00e0 italiana ma anche quella svizzera. Le prime immagini di Maria, una ragazza dai sogni e dalle speranze, sono state diffuse poco dopo la notizia della sua morte, avvenuta nelle prime ore della mattina di domenica a Aarau, vicino a Zurigo.<\/p>\n<p>Maria lavorava come cameriera e si era recentemente trasferita da Citt\u00e0 Sant\u2019Angelo, una piccola localit\u00e0 in Italia, alla vicina Oftringen, in cerca di nuove opportunit\u00e0 e avventure. Le parole del sindaco di Citt\u00e0 Sant\u2019Angelo, Matteo Perazzetti, riflettono il dolore della comunit\u00e0: &#8220;Era partita per la Svizzera con i sogni e le aspirazioni di una ragazza che desiderava conquistare il suo futuro&#8221;. Ha continuato affermando che la vita che ancora la attendeva &#8220;\u00e8 stata tragicamente spezzata&#8221;.<\/p>\n<p>Questo tragico episodio ha anche lasciato cinque altre persone ferite, alcune delle quali in condizioni gravi. Subito dopo la sparatoria, le autorit\u00e0 svizzere hanno lanciato una vasta caccia all&#8217;uomo, che ha portato all&#8217;arresto di un uomo svizzero di 43 anni. Oltre alla grande presenza delle forze dell&#8217;ordine, \u00e8 stato istituito un cordone di sicurezza intorno all&#8217;ippodromo dove \u00e8 avvenuto l&#8217;incidente.<\/p>\n<p>Secondo diverse testimonianze raccolte, i presenti hanno riferito di aver udito ripetuti colpi di arma da fuoco poco dopo le 2.30, ora locale. Alcuni testimoni hanno descritto momenti di pura paura, come nel caso di una ragazza che si \u00e8 rifugiata sotto la consolle del DJ quando ha sentito gli spari. Un&#8217;altra persona inizialmente ha scambiato i forti boati per fuochi d\u2019artificio, illustrando cos\u00ec l&#8217;improvvisa e devastante realt\u00e0 di quanto stava accadendo.<\/p>\n<p>Le emozioni e il dolore per la perdita di Maria hanno colpito duramente non solo i membri della sua famiglia, ma anche tutta la comunit\u00e0 di Citt\u00e0 Sant\u2019Angelo. Il sindaco ha comunicato di aver parlato direttamente con la famiglia Spinelli, esprimendo le sue pi\u00f9 sincere condoglianze. &#8220;Citt\u00e0 Sant\u2019Angelo \u00e8 vicina alla famiglia Spinelli e piange la perdita della loro giovane figlia. Addio, Maria. Un giovane angelo vola verso il cielo&#8221;, ha aggiunto Perazzetti.<\/p>\n<p>La sparatoria ha acceso una riflessione profonda sulla sicurezza durante eventi pubblici e sulla violenza armata, questioni che interessano non solo la Svizzera ma anche molti altri paesi. Gli eventi di questo tipo, che dovrebbero essere occasioni di festa e di socializzazione, si sono trasformati in scene di panico e tragedia. \u00c8 un triste promemoria della fragilit\u00e0 della vita e dell&#8217;importanza di un ambiente sicuro per tutti.<\/p>\n<p>Mentre le indagini continuano, la comunit\u00e0 si unisce per onorare la memoria di Maria, una giovane che aveva davanti a s\u00e9 un futuro luminoso e che, a causa di un atto inspiegabile di violenza, \u00e8 stata strappata prematuramente ai suoi cari. Maria rimarr\u00e0 nei cuori di coloro che l&#8217;hanno conosciuta, e la sua storia servir\u00e0 a mantenere viva la memoria di tutte le vittime di violenza.<\/p>\n<p>Le autorit\u00e0 svizzere sono ora impegnate a chiarire le circostanze dell&#8217;accaduto e a garantire che simili tragedie non si ripetano in futuro. La comunit\u00e0, d&#8217;altra parte, \u00e8 in lutto ma anche determinata a non dimenticare, a far s\u00ec che la vita di Maria e il dolore della sua famiglia non siano invano, ma portino a una maggiore consapevolezza e cambiamento.<\/p>\n<p>In conclusione, l&#8217;ineffabile perdita di Maria Spinelli rappresenta non solo una tragedia personale, ma un richiamo all&#8217;azione per tutti noi, affinch\u00e9 ci battiamo contro la violenza e lavoriamo insieme per un futuro pi\u00f9 sicuro e inclusivo.<\/p>\n<p>#leggoscandinavia<\/p>\n","protected":false},"excerpt":{"rendered":"<p>Maria Spinelli, 22 anni, vittima di un tragico sparatoria a un rave in Svizzera Maria Spinelli, una giovane italiana di 22 anni, \u00e8 stata uccisa in una sparatoria avvenuta durante un rave in Svizzera. Questo tragico evento ha scosso profondamente non solo la comunit\u00e0 italiana ma anche quella svizzera. Le prime immagini di Maria, una [&hellip;]<\/p>\n","protected":false},"author":2,"featured_media":11486,"comment_status":"","ping_status":"","sticky":false,"template":"","format":"standard","meta":{"fifu_image_url":"https:\/\/www.leggoscandinavia.com\/wp-content\/uploads\/2026\/02\/leggoscandinavia-mondo014.jpg","fifu_image_alt":"","footnotes":""},"categories":[18],"tags":[647,3298,1234,2299,12038,2744,4848],"class_list":["post-11485","post","type-post","status-publish","format-standard","has-post-thumbnail","category-mondo","tag-anni","tag-disponibile","tag-donna","tag-foto","tag-rave","tag-svizzera","tag-uccisa"],"_links":{"self":[{"href":"https:\/\/www.leggoscandinavia.com\/index.php\/wp-json\/wp\/v2\/posts\/11485","targetHints":{"allow":["GET"]}}],"collection":[{"href":"https:\/\/www.leggoscandinavia.com\/index.php\/wp-json\/wp\/v2\/posts"}],"about":[{"href":"https:\/\/www.leggoscandinavia.com\/index.php\/wp-json\/wp\/v2\/types\/post"}],"author":[{"embeddable":true,"href":"https:\/\/www.leggoscandinavia.com\/index.php\/wp-json\/wp\/v2\/users\/2"}],"replies":[{"embeddable":true,"href":"https:\/\/www.leggoscandinavia.com\/index.php\/wp-json\/wp\/v2\/comments?post=11485"}],"version-history":[{"count":0,"href":"https:\/\/www.leggoscandinavia.com\/index.php\/wp-json\/wp\/v2\/posts\/11485\/revisions"}],"wp:featuredmedia":[{"embeddable":true,"href":"https:\/\/www.leggoscandinavia.com\/index.php\/wp-json\/wp\/v2\/media\/11486"}],"wp:attachment":[{"href":"https:\/\/www.leggoscandinavia.com\/index.php\/wp-json\/wp\/v2\/media?parent=11485"}],"wp:term":[{"taxonomy":"category","embeddable":true,"href":"https:\/\/www.leggoscandinavia.com\/index.php\/wp-json\/wp\/v2\/categories?post=11485"},{"taxonomy":"post_tag","embeddable":true,"href":"https:\/\/www.leggoscandinavia.com\/index.php\/wp-json\/wp\/v2\/tags?post=11485"}],"curies":[{"name":"wp","href":"https:\/\/api.w.org\/{rel}","templated":true}]}}