{"id":11467,"date":"2026-08-31T19:45:00","date_gmt":"2026-08-31T17:45:00","guid":{"rendered":"https:\/\/www.leggoscandinavia.com\/index.php\/2026\/08\/31\/il-piu-grande-accordo-di-difesa-della-svezia-in-decenni-e-stato-siglato\/"},"modified":"2026-08-31T19:45:00","modified_gmt":"2026-08-31T17:45:00","slug":"il-piu-grande-accordo-di-difesa-della-svezia-in-decenni-e-stato-siglato","status":"publish","type":"post","link":"https:\/\/www.leggoscandinavia.com\/index.php\/2026\/08\/31\/il-piu-grande-accordo-di-difesa-della-svezia-in-decenni-e-stato-siglato\/","title":{"rendered":"Il pi\u00f9 grande accordo di difesa della Svezia in decenni \u00e8 stato siglato"},"content":{"rendered":"<p><strong>Svezia e Francia rafforzano la cooperazione nel settore della difesa<\/strong><\/p>\n<p>Luned\u00ec scorso, alla presenza del presidente francese, \u00e8 stato sottoscritto uno dei pi\u00f9 importanti accordi di difesa della Svezia degli ultimi decenni. Questo accordo segna un passo significativo nella relazione tra i due paesi, che stanno non solo ampliando la loro collaborazione nel settore della difesa, ma stanno anche approfondendo il loro impegno in una serie di ambiti strategici, incluso il tema cruciale della protezione delle armi nucleari francesi.<\/p>\n<p>Durante una conferenza stampa, il primo ministro svedese, Ulf Kristersson, ha espresso la sua soddisfazione per la crescente apertura della Francia in relazione a questa partnership. \u201cSiamo molto lieti della disponibilit\u00e0 della Francia in questa questione,\u201d ha dichiarato Kristersson, sottolineando l&#8217;importanza della sicurezza collettiva nell&#8217;attuale contesto geopolitico. <\/p>\n<p>L&#8217;accordo rappresenta un momento cruciale per la Svezia, che si trova a fronteggiare nuove sfide in un contesto di instabilit\u00e0 regionale. Negli ultimi anni, la sicurezza europea \u00e8 stata messa a dura prova dalla crescente aggressivit\u00e0 della Russia, il che ha spinto molti paesi, tra cui la Svezia, a riesaminare le proprie strategie di difesa e sicurezza. Questo nuovo accordo di difesa con la Francia offrir\u00e0 a Stoccolma l&#8217;accesso a tecnologie avanzate e migliorer\u00e0 la capacit\u00e0 di mobilitazione congiunta tra le forze armate.<\/p>\n<p>Il pactum firmato, che prevede una serie di progettazioni e forniture militari, si inserisce in un quadro di cooperazione pi\u00f9 ampio che include esercitazioni congiunte e scambi di informazioni strategiche. Tali misure sono essenziali per garantire una risposta tempestiva e coordinata a eventuali minacce e per rafforzare la resilienza dei due paesi di fronte a possibili crisi.<\/p>\n<p>Un aspetto particolarmente significativo di questo accordo riguarda la protezione delle armi nucleari francesi. La Francia \u00e8 uno dei pochi paesi al mondo ad avere un arsenale nucleare robusto e diversificato, e la cooperazione con la Svezia potrebbe rappresentare un\u2019anomalia nel contesto della sicurezza europea, tradizionalmente pi\u00f9 focalizzata sulla dissuasione attraverso la NATO. Questa partnership potrebbe infatti favorire un dialogo pi\u00f9 aperto e una sinergia strategica nell\u2019ambito della deterrenza nucleare.<\/p>\n<p>La posizione della Svezia come paese neutrale &#8211; sebbene storicamente significante &#8211; \u00e8 in continua evoluzione, in risposta alle condizioni di sicurezza attuali. L&#8217;accordo con la Francia segna una transizione importante: Stoccolma si sta allontanando da una pura neutralit\u00e0 per abbracciare un ruolo pi\u00f9 attivo nella sicurezza collettiva, dinanzi a sfide sempre pi\u00f9 complesse. Questo crescente impegno non \u00e8 solo geopolitico, ma riflette una consapevolezza pi\u00f9 ampia riguardo alla necessit\u00e0 di cooperazione internazionale per affrontare minacce comuni.<\/p>\n<p>L&#8217;intensificata collaborazione con la Francia non coinvolge solo il settore militare, ma si estende anche a questioni economiche e culturali. Entrambi i paesi hanno riconosciuto l&#8217;importanza di lavorare insieme per promuovere innovazioni nei settori tecnologici e industriali. Diversi progetti congiunti sono gi\u00e0 in fase di sviluppo, destinati a stimolare non solo la crescita economica, ma anche a rafforzare i legami tra i cittadini svedesi e francesi.<\/p>\n<p>\u00c8 importante notare che questa alleanza strategica non si limita ai confini europei. Svezia e Francia condividono anche interessi globali, come il contrasto ai cambiamenti climatici e la promozione della pace e della stabilit\u00e0 in varie regioni del mondo. Collaborare su questioni di sicurezza, economia e ambiente offre un&#8217;opportunit\u00e0 per entrambe le nazioni di avvalersi delle rispettive competenze e risorse.<\/p>\n<p>In conclusione, l&#8217;accordo di difesa firmato lo scorso luned\u00ec tra Svezia e Francia non rappresenta solo un passo avanti nella cooperazione militare, ma segna anche l\u2019inizio di una nuova era per le relazioni tra i due paesi. Con la crescente instabilit\u00e0 geopolitica, la sinergia strategica e operativa diventa una necessit\u00e0, e il primo ministro Kristersson ha ragione nel sottolineare l\u2019importanza dell\u2019apertura francese. Questo accordo \u00e8 un chiaro segnale che la Svezia \u00e8 pronta a impegnarsi attivamente per garantire la sicurezza e la stabilit\u00e0 non solo della propria nazione, ma anche dell\u2019intera regione europea.<\/p>\n<p>#leggoscandinavia<\/p>\n","protected":false},"excerpt":{"rendered":"<p>Svezia e Francia rafforzano la cooperazione nel settore della difesa Luned\u00ec scorso, alla presenza del presidente francese, \u00e8 stato sottoscritto uno dei pi\u00f9 importanti accordi di difesa della Svezia degli ultimi decenni. Questo accordo segna un passo significativo nella relazione tra i due paesi, che stanno non solo ampliando la loro collaborazione nel settore della [&hellip;]<\/p>\n","protected":false},"author":2,"featured_media":11468,"comment_status":"","ping_status":"","sticky":false,"template":"","format":"standard","meta":{"fifu_image_url":"https:\/\/www.leggoscandinavia.com\/wp-content\/uploads\/2026\/02\/leggoscandinavia-stoccolma032.jpg","fifu_image_alt":"","footnotes":""},"categories":[7],"tags":[2568,2728,63,247,1200,42,12083,493,699],"class_list":["post-11467","post","type-post","status-publish","format-standard","has-post-thumbnail","category-stoccolma","tag-accordo","tag-decenni","tag-della","tag-difesa","tag-grande","tag-piu","tag-siglato","tag-stato","tag-svezia"],"_links":{"self":[{"href":"https:\/\/www.leggoscandinavia.com\/index.php\/wp-json\/wp\/v2\/posts\/11467","targetHints":{"allow":["GET"]}}],"collection":[{"href":"https:\/\/www.leggoscandinavia.com\/index.php\/wp-json\/wp\/v2\/posts"}],"about":[{"href":"https:\/\/www.leggoscandinavia.com\/index.php\/wp-json\/wp\/v2\/types\/post"}],"author":[{"embeddable":true,"href":"https:\/\/www.leggoscandinavia.com\/index.php\/wp-json\/wp\/v2\/users\/2"}],"replies":[{"embeddable":true,"href":"https:\/\/www.leggoscandinavia.com\/index.php\/wp-json\/wp\/v2\/comments?post=11467"}],"version-history":[{"count":0,"href":"https:\/\/www.leggoscandinavia.com\/index.php\/wp-json\/wp\/v2\/posts\/11467\/revisions"}],"wp:featuredmedia":[{"embeddable":true,"href":"https:\/\/www.leggoscandinavia.com\/index.php\/wp-json\/wp\/v2\/media\/11468"}],"wp:attachment":[{"href":"https:\/\/www.leggoscandinavia.com\/index.php\/wp-json\/wp\/v2\/media?parent=11467"}],"wp:term":[{"taxonomy":"category","embeddable":true,"href":"https:\/\/www.leggoscandinavia.com\/index.php\/wp-json\/wp\/v2\/categories?post=11467"},{"taxonomy":"post_tag","embeddable":true,"href":"https:\/\/www.leggoscandinavia.com\/index.php\/wp-json\/wp\/v2\/tags?post=11467"}],"curies":[{"name":"wp","href":"https:\/\/api.w.org\/{rel}","templated":true}]}}