{"id":11461,"date":"2026-08-31T16:00:00","date_gmt":"2026-08-31T14:00:00","guid":{"rendered":"https:\/\/www.leggoscandinavia.com\/index.php\/2026\/08\/31\/cancellato-il-grindavik-ultra-dopo-il-rifiuto-di-permesso-da-parte-della-polizia\/"},"modified":"2026-08-31T16:00:00","modified_gmt":"2026-08-31T14:00:00","slug":"cancellato-il-grindavik-ultra-dopo-il-rifiuto-di-permesso-da-parte-della-polizia","status":"publish","type":"post","link":"https:\/\/www.leggoscandinavia.com\/index.php\/2026\/08\/31\/cancellato-il-grindavik-ultra-dopo-il-rifiuto-di-permesso-da-parte-della-polizia\/","title":{"rendered":"Cancellato il Grindav\u00edk Ultra dopo il rifiuto di permesso da parte della polizia"},"content":{"rendered":"<p><strong>Cancellata la Grindav\u00edk Ultra a causa di mancanza di autorizzazione<\/strong><\/p>\n<p>Gli organizzatori della Grindav\u00edk Ultra, una gara di trail prevista per il 5 settembre, hanno annunciato la cancellazione dell&#8217;evento dopo aver fallito nel ottenere l&#8217;approvazione finale per una parte del percorso. Circa 100 corridori si erano registrati per partecipare. Gli organizzatori hanno dichiarato di aver collaborato con i soccorritori per mesi, ma poco prima dell&#8217;evento sono stati informati che la polizia non avrebbe permesso il passaggio dei corridori sulle barriere protettive circostanti Grindav\u00edk, finch\u00e9 la propriet\u00e0 delle stesse rimaneva indefinita.<\/p>\n<h3>Qual \u00e8 la situazione?<\/h3>\n<p>La Grindav\u00edk Ultra non si svolger\u00e0 come previsto il 5 settembre. Circa 100 corridori si erano iscritti e le quote di partecipazione saranno rimborsate. Gli organizzatori hanno fatto sapere che il punto critico \u00e8 stata l\u2019opposizione della polizia all\u2019uso delle barriere protettive lungo il percorso, a causa di incertezze sulla loro propriet\u00e0.<\/p>\n<h3>Una gara bloccata dalla difficile ripresa di Grindav\u00edk<\/h3>\n<p>Questa cancellazione rappresenta un ulteriore esempio di come il ritorno alla vita normale a Grindav\u00edk continui a scontrarsi con le domande irrisolte sollevate dalla recente crisi vulcanica. Iceland Review ha indagato su chi decida quando Grindav\u00edk sia abbastanza sicura per eventi pubblici e ha riportato sulla riapertura della citt\u00e0 dopo un lungo periodo di restrizioni all&#8217;accesso.<\/p>\n<p>La gara era in preparazione da mesi e prevedeva tre distanze, ognuna delle quali avrebbe utilizzato tratti delle barriere protettive costruite attorno a Grindav\u00edk. Le barriere fanno parte della vasta infrastruttura progettata per proteggere la citt\u00e0 dai flussi di lava.<\/p>\n<p>Siggeir Fannar \u00c6varsson, vice-presidente dell&#8217;Ungmennaf\u00e9lag Grindav\u00edkur, ha dichiarato al Morgunbla\u00f0i\u00f0 che gli organizzatori credevano di aver preparato l&#8217;evento in stretta collaborazione con i soccorritori e la polizia. Ha criticato l&#8217;ultima obiezione riguardo la propriet\u00e0 delle barriere come un pretesto.<\/p>\n<p>Il project manager Steinar Atli Skarph\u00e9\u00f0insson ha affermato che gli organizzatori ritenevano che l&#8217;evento fosse particolarmente ben coperto per una gara di trail, con personale di emergenza pianificato lungo il percorso. Il sito ufficiale della Grindav\u00edk Ultra comunica che tutte le quote di registrazione e partecipazione saranno rimborsate integralmente.<\/p>\n<p>La cancellazione avviene mentre altri aspetti della vita comunitaria stanno tornando alla normalit\u00e0. Recentemente, Iceland Review ha riportato anche sulla lunga dislocazione dei bambini della scuola di Grindav\u00edk in seguito all\u2019evacuazione del 2023.<\/p>\n<p>Gli organizzatori sperano di poter riprogrammare la gara in una data successiva, possibilmente la prossima primavera.<\/p>\n<h3>Riflessioni finali<\/h3>\n<p>La decisione di cancellare la Grindav\u00edk Ultra mette in evidenza le sfide che la comunit\u00e0 di Grindav\u00edk deve affrontare nel ricostruire la propria identit\u00e0 e nelle relazioni con le autorit\u00e0 a seguito di eventi cos\u00ec traumatici come le eruzioni vulcaniche. La salute e la sicurezza dei partecipanti e dei residenti rimangono la priorit\u00e0 principale, e questo evento inaspettato serve a ricordare le complesse dinamiche tra la necessit\u00e0 di riprendere la vita quotidiana e le precauzioni necessarie in un&#8217;area vulnerabile.<\/p>\n<p>Mentre questa ed altre manifestazioni sportive continuano a subire ritardi e cancellazioni, \u00e8 fondamentale che i vari enti governativi e le autorit\u00e0 locali lavorino insieme per garantire la sicurezza della comunit\u00e0, favorendo un ambiente in cui eventi come la Grindav\u00edk Ultra possano svolgersi senza timori.<\/p>\n<p>In conclusione, la speranza degli organizzatori e dei partecipanti \u00e8 che, nonostante questa battuta d\u2019arresto, la Grindav\u00edk Ultra possa trovare una nuova opportunit\u00e0 per svolgersi, dimostrando la resilienza e la determinazione della comunit\u00e0 di Grindav\u00edk a rialzarsi e a continuare a festeggiare la natura e lo sport.<\/p>\n<p>#leggoscandinavia<\/p>\n","protected":false},"excerpt":{"rendered":"<p>Cancellata la Grindav\u00edk Ultra a causa di mancanza di autorizzazione Gli organizzatori della Grindav\u00edk Ultra, una gara di trail prevista per il 5 settembre, hanno annunciato la cancellazione dell&#8217;evento dopo aver fallito nel ottenere l&#8217;approvazione finale per una parte del percorso. Circa 100 corridori si erano registrati per partecipare. Gli organizzatori hanno dichiarato di aver [&hellip;]<\/p>\n","protected":false},"author":2,"featured_media":11462,"comment_status":"","ping_status":"","sticky":false,"template":"","format":"standard","meta":{"fifu_image_url":"https:\/\/www.leggoscandinavia.com\/wp-content\/uploads\/2026\/02\/leggoscandinavia-reykjavik021.jpg","fifu_image_alt":"","footnotes":""},"categories":[6],"tags":[7462,63,149,2695,1562,11045,98,2358,8306],"class_list":["post-11461","post","type-post","status-publish","format-standard","has-post-thumbnail","category-reykjavik","tag-cancellato","tag-della","tag-dopo","tag-grindavik","tag-parte","tag-permesso","tag-polizia","tag-rifiuto","tag-ultra"],"_links":{"self":[{"href":"https:\/\/www.leggoscandinavia.com\/index.php\/wp-json\/wp\/v2\/posts\/11461","targetHints":{"allow":["GET"]}}],"collection":[{"href":"https:\/\/www.leggoscandinavia.com\/index.php\/wp-json\/wp\/v2\/posts"}],"about":[{"href":"https:\/\/www.leggoscandinavia.com\/index.php\/wp-json\/wp\/v2\/types\/post"}],"author":[{"embeddable":true,"href":"https:\/\/www.leggoscandinavia.com\/index.php\/wp-json\/wp\/v2\/users\/2"}],"replies":[{"embeddable":true,"href":"https:\/\/www.leggoscandinavia.com\/index.php\/wp-json\/wp\/v2\/comments?post=11461"}],"version-history":[{"count":0,"href":"https:\/\/www.leggoscandinavia.com\/index.php\/wp-json\/wp\/v2\/posts\/11461\/revisions"}],"wp:featuredmedia":[{"embeddable":true,"href":"https:\/\/www.leggoscandinavia.com\/index.php\/wp-json\/wp\/v2\/media\/11462"}],"wp:attachment":[{"href":"https:\/\/www.leggoscandinavia.com\/index.php\/wp-json\/wp\/v2\/media?parent=11461"}],"wp:term":[{"taxonomy":"category","embeddable":true,"href":"https:\/\/www.leggoscandinavia.com\/index.php\/wp-json\/wp\/v2\/categories?post=11461"},{"taxonomy":"post_tag","embeddable":true,"href":"https:\/\/www.leggoscandinavia.com\/index.php\/wp-json\/wp\/v2\/tags?post=11461"}],"curies":[{"name":"wp","href":"https:\/\/api.w.org\/{rel}","templated":true}]}}