{"id":11449,"date":"2026-08-31T12:27:00","date_gmt":"2026-08-31T10:27:00","guid":{"rendered":"https:\/\/www.leggoscandinavia.com\/index.php\/2026\/08\/31\/la-cerimonia-funebre-di-re-harald-chiude-ampie-zone-del-centro-di-oslo\/"},"modified":"2026-08-31T12:27:00","modified_gmt":"2026-08-31T10:27:00","slug":"la-cerimonia-funebre-di-re-harald-chiude-ampie-zone-del-centro-di-oslo","status":"publish","type":"post","link":"https:\/\/www.leggoscandinavia.com\/index.php\/2026\/08\/31\/la-cerimonia-funebre-di-re-harald-chiude-ampie-zone-del-centro-di-oslo\/","title":{"rendered":"La cerimonia funebre di Re Harald chiude ampie zone del centro di Oslo"},"content":{"rendered":"<p><strong>Interruzioni del traffico a Oslo per i funerali del re Harald<\/strong><\/p>\n<p>Mercoled\u00ec 9 settembre, diverse aree del centro di Oslo saranno chiuse al traffico in occasione della cerimonia funebre del re Harald. Questo straordinario evento avr\u00e0 un impatto significativo anche sui mezzi di trasporto pubblico.<\/p>\n<p>In una nota ufficiale, Ruter ha raccomandato a chiunque intenda recarsi in centro durante questa giornata di utilizzare la metropolitana. La rete metropolitana di Oslo continuer\u00e0 a funzionare normalmente, ma ci saranno alcune modifiche temporanee.<\/p>\n<p>Le stazioni che subiranno restrizioni sono due: stazione di Stortinget e stazione di Nationaltheatret. La prima, Stortinget, rester\u00e0 del tutto chiusa, mentre alla seconda, Nationaltheatret, fermeranno solo i treni diretti verso est. Questo significa che i viaggiatori dovranno prestare particolare attenzione al loro percorso e pianificare in anticipo il loro viaggio nel cuore della capitale norvegese.<\/p>\n<p>Inoltre, \u00e8 importante informare che il tram non operer\u00e0 affatto nel centro citt\u00e0 durante il funerale. Questa sospensione dei servizi di tram potrebbe complicare ulteriormente la mobilit\u00e0, rendendo la metropolitana l&#8217;opzione pi\u00f9 praticabile per raggiungere varie destinazioni.<\/p>\n<p>Gli eventi di questa natura richiedono un&#8217;organizzazione scrupolosa e la collaborazione di tutti gli attori coinvolti nel trasporto pubblico. Ruter ha gi\u00e0 avviato le modifiche necessarie per garantire che l&#8217;utenza possa affrontare al meglio queste restrizioni, nonostante le difficolt\u00e0 previste per la giornata.<\/p>\n<p>Per chi deve muoversi in citt\u00e0, \u00e8 consigliato di seguire attentamente gli aggiornamenti sui trasporti pubblici e di considerare l&#8217;idea di partire con largo anticipo. La chiusura di ampie zone del centro di Oslo potrebbe infatti causare ingorghi e ritardi nonostante i piani di emergenza.<\/p>\n<p>In conclusione, la cerimonia funebre del re Harald rappresenta un momento di grande significato per il popolo norvegese e, allo stesso tempo, un\u2019occasione per rivedere e riorganizzare i servizi di trasporto pubblico nella capitale. Nonostante le sfide affrontate in questo giorno solenne, ci si aspetta che la comunit\u00e0 dimostri comprensione e rispetto per gli eventi in corso.<\/p>\n<p>#leggoscandinavia<\/p>\n","protected":false},"excerpt":{"rendered":"<p>Interruzioni del traffico a Oslo per i funerali del re Harald Mercoled\u00ec 9 settembre, diverse aree del centro di Oslo saranno chiuse al traffico in occasione della cerimonia funebre del re Harald. Questo straordinario evento avr\u00e0 un impatto significativo anche sui mezzi di trasporto pubblico. In una nota ufficiale, Ruter ha raccomandato a chiunque intenda [&hellip;]<\/p>\n","protected":false},"author":2,"featured_media":11450,"comment_status":"","ping_status":"","sticky":false,"template":"","format":"standard","meta":{"fifu_image_url":"https:\/\/www.leggoscandinavia.com\/wp-content\/uploads\/2026\/02\/leggoscandinavia-oslo045.jpg","fifu_image_alt":"","footnotes":""},"categories":[5],"tags":[12068,682,1228,1775,226,10743,10346,89,4956],"class_list":["post-11449","post","type-post","status-publish","format-standard","has-post-thumbnail","category-oslo","tag-ampie","tag-centro","tag-cerimonia","tag-chiude","tag-del","tag-funebre","tag-harald","tag-oslo","tag-zone"],"_links":{"self":[{"href":"https:\/\/www.leggoscandinavia.com\/index.php\/wp-json\/wp\/v2\/posts\/11449","targetHints":{"allow":["GET"]}}],"collection":[{"href":"https:\/\/www.leggoscandinavia.com\/index.php\/wp-json\/wp\/v2\/posts"}],"about":[{"href":"https:\/\/www.leggoscandinavia.com\/index.php\/wp-json\/wp\/v2\/types\/post"}],"author":[{"embeddable":true,"href":"https:\/\/www.leggoscandinavia.com\/index.php\/wp-json\/wp\/v2\/users\/2"}],"replies":[{"embeddable":true,"href":"https:\/\/www.leggoscandinavia.com\/index.php\/wp-json\/wp\/v2\/comments?post=11449"}],"version-history":[{"count":0,"href":"https:\/\/www.leggoscandinavia.com\/index.php\/wp-json\/wp\/v2\/posts\/11449\/revisions"}],"wp:featuredmedia":[{"embeddable":true,"href":"https:\/\/www.leggoscandinavia.com\/index.php\/wp-json\/wp\/v2\/media\/11450"}],"wp:attachment":[{"href":"https:\/\/www.leggoscandinavia.com\/index.php\/wp-json\/wp\/v2\/media?parent=11449"}],"wp:term":[{"taxonomy":"category","embeddable":true,"href":"https:\/\/www.leggoscandinavia.com\/index.php\/wp-json\/wp\/v2\/categories?post=11449"},{"taxonomy":"post_tag","embeddable":true,"href":"https:\/\/www.leggoscandinavia.com\/index.php\/wp-json\/wp\/v2\/tags?post=11449"}],"curies":[{"name":"wp","href":"https:\/\/api.w.org\/{rel}","templated":true}]}}