{"id":11447,"date":"2026-08-31T12:07:00","date_gmt":"2026-08-31T10:07:00","guid":{"rendered":"https:\/\/www.leggoscandinavia.com\/index.php\/2026\/08\/31\/il-governo-conferma-che-lislanda-non-riprendera-i-colloqui-di-adesione-allue\/"},"modified":"2026-08-31T12:07:00","modified_gmt":"2026-08-31T10:07:00","slug":"il-governo-conferma-che-lislanda-non-riprendera-i-colloqui-di-adesione-allue","status":"publish","type":"post","link":"https:\/\/www.leggoscandinavia.com\/index.php\/2026\/08\/31\/il-governo-conferma-che-lislanda-non-riprendera-i-colloqui-di-adesione-allue\/","title":{"rendered":"Il governo conferma che l&#8217;Islanda non riprender\u00e0 i colloqui di adesione all&#8217;UE."},"content":{"rendered":"<p><strong>La posizione del governo islandese sulle trattative per l\u2019adesione all\u2019Unione Europea<\/strong><\/p>\n<p>Il governo islandese ha confermato ufficialmente che non continuer\u00e0 le trattative per l\u2019adesione all&#8217;Unione Europea dopo il referendum tenutosi sabato. Il primo ministro Kristr\u00fan Frostad\u00f3ttir ha dichiarato che il risultato del referendum sar\u00e0 rispettato e che la questione non proseguir\u00e0 durante il mandato dell&#8217;attuale governo.<\/p>\n<h3>Qual \u00e8 la situazione?<\/h3>\n<p>Le trattative per l&#8217;adesione all&#8217;UE non verranno riavviate durante il mandato governativo in corso. Il referendum ha registrato una vittoria per il \u201cno\u201d con il 52,8% dei voti contro il 47,2% di \u201cs\u00ec\u201d, con un&#8217;affluenza alle urne dell\u201982,5%. Ora, lo status della domanda di adesione all&#8217;UE presentata da Islanda nel 2009 sar\u00e0 discusso con il Comitato degli Affari Esteri dell\u2019Al\u00feingi, il parlamento islandese.<\/p>\n<h3>Il referendum chiude un percorso, ma non i legami europei dell\u2019Islanda<\/h3>\n<p>La posizione del governo trasforma il risultato del referendum in una decisione politica concreta. Come riportato da Iceland Review, l\u2019Islanda ha rifiutato di riavviare i colloqui per l\u2019adesione all\u2019UE con una percentuale del 52,8% contro il 47,2%. Tuttavia, \u00e8 importante notare che il voto aveva un carattere consultivo e non ha cambiato automaticamente la legislazione islandese o i trattati esistenti.<\/p>\n<p>In un&#8217;intervista, Iceland Review ha spiegato che, nonostante il rifiuto di entrare nell&#8217;Unione Europea, l\u2019Islanda rimane all\u2019interno dello Spazio Economico Europeo (SEE) e di Schengen, continuando a mantenere gli altri accordi gi\u00e0 in essere con l\u2019Unione.<\/p>\n<h3>La conferenza stampa di Kristr\u00fan<\/h3>\n<p>Durante una conferenza stampa tenutasi domenica, il primo ministro Kristr\u00fan Frostad\u00f3ttir ha ribadito la volont\u00e0 del governo di rispettare il risultato del referendum e ha chiarito che non verranno portate avanti le trattative per l\u2019adesione durante il corrente mandato. Si prevede che il ministro degli Affari Esteri, \u00deorger\u00f0ur Katr\u00edn Gunnarsd\u00f3ttir, discutera con il Comitato degli Affari Esteri dell\u2019Al\u00feingi i passi formali successivi, incluso lo status della richiesta di adesione presentata nel 2009.<\/p>\n<h3>Maggiore attenzione sulle relazioni con l&#8217;EEA<\/h3>\n<p>Il governo sembra puntare ad un\u2019enfasi maggiore sulle relazioni con l\u2019Area Economica Europea (EEA). Questa distinzione \u00e8 significativa poich\u00e9 la campagna referendaria \u00e8 stata seguita con attenzione a Bruxelles; come gi\u00e0 evidenziato da Iceland Review, i funzionari dell\u2019UE considerano il voto rilevante per il dibattito pi\u00f9 ampio sull\u2019allargamento dell\u2019Unione.<\/p>\n<p>Inoltre, la chiusura di questa strada non implica che l\u2019Islanda possa continuare a mantenere legami con l\u2019Unione Europea in altri ambiti. Rimanendo parte del SEE, l\u2019Islanda potr\u00e0 continuare a beneficiare di molte delle stesse tutele e diritti economici delle nazioni dell&#8217;UE, oltre alla cooperazione in diverse aree, tra cui il commercio e la mobilit\u00e0.<\/p>\n<h3>Conclusioni<\/h3>\n<p>La decisione del governo islandese di non riavviare le trattative per l\u2019adesione all\u2019Unione Europea potrebbe avere ripercussioni significative nel panorama politico ed economico del Paese. Pur non cambiando immediatamente il status giuridico dell&#8217;Islanda nei confronti dell&#8217;UE, la volont\u00e0 espressa di rispettare il risultato referendario rappresenta un chiaro messaggio alla popolazione. Gli sviluppi futuri riguardanti la questione della richiesta di adesione del 2009 e le relazioni con l\u2019Unione Europea saranno cruciali per comprendere come l\u2019Islanda intenda navigare nel complesso scenario politico europeo.<\/p>\n<p>Per ulteriori storie su societ\u00e0, politica, economia e cultura islandese, si pu\u00f2 consultare Iceland Review News.<\/p>\n<p>#leggoscandinavia<\/p>\n","protected":false},"excerpt":{"rendered":"<p>La posizione del governo islandese sulle trattative per l\u2019adesione all\u2019Unione Europea Il governo islandese ha confermato ufficialmente che non continuer\u00e0 le trattative per l\u2019adesione all&#8217;Unione Europea dopo il referendum tenutosi sabato. Il primo ministro Kristr\u00fan Frostad\u00f3ttir ha dichiarato che il risultato del referendum sar\u00e0 rispettato e che la questione non proseguir\u00e0 durante il mandato dell&#8217;attuale [&hellip;]<\/p>\n","protected":false},"author":2,"featured_media":11448,"comment_status":"","ping_status":"","sticky":false,"template":"","format":"standard","meta":{"fifu_image_url":"https:\/\/www.leggoscandinavia.com\/wp-content\/uploads\/2026\/02\/leggoscandinavia-reykjavik012.jpg","fifu_image_alt":"","footnotes":""},"categories":[6],"tags":[3981,1034,301,431,3506,469,322,5567],"class_list":["post-11447","post","type-post","status-publish","format-standard","has-post-thumbnail","category-reykjavik","tag-adesione","tag-allue","tag-che","tag-colloqui","tag-conferma","tag-governo","tag-lislanda","tag-riprendera"],"_links":{"self":[{"href":"https:\/\/www.leggoscandinavia.com\/index.php\/wp-json\/wp\/v2\/posts\/11447","targetHints":{"allow":["GET"]}}],"collection":[{"href":"https:\/\/www.leggoscandinavia.com\/index.php\/wp-json\/wp\/v2\/posts"}],"about":[{"href":"https:\/\/www.leggoscandinavia.com\/index.php\/wp-json\/wp\/v2\/types\/post"}],"author":[{"embeddable":true,"href":"https:\/\/www.leggoscandinavia.com\/index.php\/wp-json\/wp\/v2\/users\/2"}],"replies":[{"embeddable":true,"href":"https:\/\/www.leggoscandinavia.com\/index.php\/wp-json\/wp\/v2\/comments?post=11447"}],"version-history":[{"count":0,"href":"https:\/\/www.leggoscandinavia.com\/index.php\/wp-json\/wp\/v2\/posts\/11447\/revisions"}],"wp:featuredmedia":[{"embeddable":true,"href":"https:\/\/www.leggoscandinavia.com\/index.php\/wp-json\/wp\/v2\/media\/11448"}],"wp:attachment":[{"href":"https:\/\/www.leggoscandinavia.com\/index.php\/wp-json\/wp\/v2\/media?parent=11447"}],"wp:term":[{"taxonomy":"category","embeddable":true,"href":"https:\/\/www.leggoscandinavia.com\/index.php\/wp-json\/wp\/v2\/categories?post=11447"},{"taxonomy":"post_tag","embeddable":true,"href":"https:\/\/www.leggoscandinavia.com\/index.php\/wp-json\/wp\/v2\/tags?post=11447"}],"curies":[{"name":"wp","href":"https:\/\/api.w.org\/{rel}","templated":true}]}}