{"id":11435,"date":"2026-08-31T07:30:00","date_gmt":"2026-08-31T05:30:00","guid":{"rendered":"https:\/\/www.leggoscandinavia.com\/index.php\/2026\/08\/31\/kalena-si-e-perfettamente-normale-avere-caos-ai-compleanni-per-bambini\/"},"modified":"2026-08-31T07:30:00","modified_gmt":"2026-08-31T05:30:00","slug":"kalena-si-e-perfettamente-normale-avere-caos-ai-compleanni-per-bambini","status":"publish","type":"post","link":"https:\/\/www.leggoscandinavia.com\/index.php\/2026\/08\/31\/kalena-si-e-perfettamente-normale-avere-caos-ai-compleanni-per-bambini\/","title":{"rendered":"Kalena: S\u00ec, \u00e8 perfettamente normale avere caos ai compleanni per bambini"},"content":{"rendered":"<p>La riscoperta dell&#8217;importanza delle figure familiari: il caso della zia Fiffi<\/p>\n<p>Quando l&#8217;estate volge al termine e le scuole riaprono, un&#8217;immagine particolare riemerge prepotentemente: quella della zia Fiffi. Questa figura, che incarna l&#8217;accoglienza e la creativit\u00e0, torna a far parlare di s\u00e9, non solo come parente affettuosa, ma come un simbolo di festeggiamenti e di momenti di gioia.<\/p>\n<p>Nel mondo delle storie per bambini, la zia Fiffi \u00e8 nota per il suo talento nell&#8217;organizzare feste memorabili, un&#8217;abilit\u00e0 che la rende un personaggio emblematico nell&#8217;immaginario collettivo. Kalena, una giovane protagonista, si erge quindi a paladina della zia Fiffi, difendendola con fervore e passione. Ma cosa rende la zia Fiffi cos\u00ec speciale, e quali sono i valori che rappresenta?<\/p>\n<p><strong>Il valore della famiglia<\/strong><\/p>\n<p>In un&#8217;epoca in cui le interazioni digitali sembrano prevalere su quelle fisiche, la figura della zia Fiffi ci ricorda l&#8217;importanza delle relazioni familiari. La zia offre sostegno, affetto e quella capacit\u00e0 unica di rendere ogni momento speciale. \u00c8 con i suoi festeggiamenti che riesce a radunare la famiglia, creando legami indelebili tra le generazioni. Kalena, difendendo la zia, non fa altro che sottolineare quanto siano essenziali queste relazioni per la crescita emotiva e sociale dei giovani.<\/p>\n<p><strong>Creativit\u00e0 e invenzione<\/strong><\/p>\n<p>Un altro aspetto fondamentale che Salta agli occhi quando si parla della zia Fiffi \u00e8 la sua incredibile creativit\u00e0. Le feste che organizza non sono semplici celebrazioni, ma vere e proprie esperienze che coinvolgono tutti i partecipanti. Ogni dettaglio \u00e8 curato con attenzione: dalle decorazioni ai giochi, dai dolci alle attivit\u00e0 ludiche. Questo approccio non solo rende le feste indimenticabili, ma stimola anche la fantasia dei bambini, invitandoli a esplorare e a inventare.<\/p>\n<p>Kalena, impegnata a difendere la zia Fiffi, rappresenta la generazione che riconosce e valorizza l&#8217;importanza della creativit\u00e0 nella vita quotidiana. In un mondo sempre pi\u00f9 dominato dalla tecnologia, riscoprire la gioia di organizzare feste e di passare del tempo insieme pu\u00f2 rappresentare una boccata d&#8217;ossigeno e una forma di resistenza alle influenze esteriori.<\/p>\n<p><strong>Le tradizioni che ci uniscono<\/strong><\/p>\n<p>Ogni festa della zia Fiffi \u00e8 caratterizzata da tradizioni familiari che, nel tempo, si sono tramandate. Queste tradizioni giocano un ruolo fondamentale nel rafforzare l&#8217;identit\u00e0 culturale e personale di ciascun individuo. Kalena sa bene che le celebrazioni non sono solo occasioni per divertirsi, ma anche momenti in cui si trasmettono valori, storie e ricordi. \u00c8 attraverso queste pratiche comuni che le famiglie riescono a mantenere viva la loro storia e il loro patrimonio culturale.<\/p>\n<p>La zia Fiffi, con le sue mani laboriose e il suo spirito generoso, \u00e8 la custode di queste tradizioni. Resistere al cambiamento e adattare feste e celebrazioni ai tempi moderni senza perdere di vista le radici \u00e8 una sfida che Kalena, insieme alla zia, affronta con entusiasmo e determinazione.<\/p>\n<p><strong>Uno spazio di inclusione<\/strong><\/p>\n<p>In un&#8217;epoca di crescente diversit\u00e0, le feste della zia Fiffi diventano anche un&#8217;opportunit\u00e0 di inclusione. Queste celebrazioni sono aperte a tutti, creando un ambiente di accoglienza e condivisione. Kalena, nel suo impegno a difenderla, dimostra quanto sia importante che ogni bambino, indipendentemente dal proprio background, possa sperimentare il calore di una festa di famiglia.<\/p>\n<p>La zia Fiffi non organizza solo feste, ma crea un rifugio dove ciascun individuo pu\u00f2 sentirsi valorizzato e accettato. Questo messaggio di inclusivit\u00e0 \u00e8 fondamentale, soprattutto in un contesto sociale dove si sta sempre pi\u00f9 cercando di abbattere le barriere e i pregiudizi.<\/p>\n<p><strong>Conclusione<\/strong><\/p>\n<p>Riscoprire l&#8217;immagine della zia Fiffi nel contesto del ritorno a scuola \u00e8 pi\u00f9 di una semplice nostalgia. \u00c8 un richiamo a valorizzare l&#8217;importanza della famiglia, della creativit\u00e0, delle tradizioni e dell&#8217;inclusione. Kalena, con la sua difesa appassionata, rappresenta le nuove generazioni che stanno cercando di abbracciare e continuare l&#8217;eredit\u00e0 di legami forti e autentici. In un mondo in continua evoluzione, la figura della zia Fiffi rimane un approdo sicuro, un simbolo di amore e di celebrazione della vita.<\/p>\n<p>#leggoscandinavia<\/p>\n","protected":false},"excerpt":{"rendered":"<p>La riscoperta dell&#8217;importanza delle figure familiari: il caso della zia Fiffi Quando l&#8217;estate volge al termine e le scuole riaprono, un&#8217;immagine particolare riemerge prepotentemente: quella della zia Fiffi. Questa figura, che incarna l&#8217;accoglienza e la creativit\u00e0, torna a far parlare di s\u00e9, non solo come parente affettuosa, ma come un simbolo di festeggiamenti e di [&hellip;]<\/p>\n","protected":false},"author":2,"featured_media":11436,"comment_status":"","ping_status":"","sticky":false,"template":"","format":"standard","meta":{"fifu_image_url":"https:\/\/www.leggoscandinavia.com\/wp-content\/uploads\/2026\/02\/leggoscandinavia-stoccolma043.jpg","fifu_image_alt":"","footnotes":""},"categories":[7],"tags":[3331,300,4155,12065,3237,5633,4825,9051],"class_list":["post-11435","post","type-post","status-publish","format-standard","has-post-thumbnail","category-stoccolma","tag-avere","tag-bambini","tag-caos","tag-compleanni","tag-kalena","tag-normale","tag-perfettamente","tag-si"],"_links":{"self":[{"href":"https:\/\/www.leggoscandinavia.com\/index.php\/wp-json\/wp\/v2\/posts\/11435","targetHints":{"allow":["GET"]}}],"collection":[{"href":"https:\/\/www.leggoscandinavia.com\/index.php\/wp-json\/wp\/v2\/posts"}],"about":[{"href":"https:\/\/www.leggoscandinavia.com\/index.php\/wp-json\/wp\/v2\/types\/post"}],"author":[{"embeddable":true,"href":"https:\/\/www.leggoscandinavia.com\/index.php\/wp-json\/wp\/v2\/users\/2"}],"replies":[{"embeddable":true,"href":"https:\/\/www.leggoscandinavia.com\/index.php\/wp-json\/wp\/v2\/comments?post=11435"}],"version-history":[{"count":0,"href":"https:\/\/www.leggoscandinavia.com\/index.php\/wp-json\/wp\/v2\/posts\/11435\/revisions"}],"wp:featuredmedia":[{"embeddable":true,"href":"https:\/\/www.leggoscandinavia.com\/index.php\/wp-json\/wp\/v2\/media\/11436"}],"wp:attachment":[{"href":"https:\/\/www.leggoscandinavia.com\/index.php\/wp-json\/wp\/v2\/media?parent=11435"}],"wp:term":[{"taxonomy":"category","embeddable":true,"href":"https:\/\/www.leggoscandinavia.com\/index.php\/wp-json\/wp\/v2\/categories?post=11435"},{"taxonomy":"post_tag","embeddable":true,"href":"https:\/\/www.leggoscandinavia.com\/index.php\/wp-json\/wp\/v2\/tags?post=11435"}],"curies":[{"name":"wp","href":"https:\/\/api.w.org\/{rel}","templated":true}]}}