{"id":11423,"date":"2026-08-30T14:14:00","date_gmt":"2026-08-30T12:14:00","guid":{"rendered":"https:\/\/www.leggoscandinavia.com\/index.php\/2026\/08\/30\/capitano-e-equipaggio-trattenuti-dopo-la-morte-di-otto-persone-in-traghetto-capovolto\/"},"modified":"2026-08-30T14:14:00","modified_gmt":"2026-08-30T12:14:00","slug":"capitano-e-equipaggio-trattenuti-dopo-la-morte-di-otto-persone-in-traghetto-capovolto","status":"publish","type":"post","link":"https:\/\/www.leggoscandinavia.com\/index.php\/2026\/08\/30\/capitano-e-equipaggio-trattenuti-dopo-la-morte-di-otto-persone-in-traghetto-capovolto\/","title":{"rendered":"Capitano e equipaggio trattenuti dopo la morte di otto persone in traghetto capovolto"},"content":{"rendered":"<p><strong>Operazione di salvataggio in corso dopo il rovesciamento di un&#8217;imbarcazione al largo di Cipro del Nord<\/strong><\/p>\n<p>Un&#8217;imponente operazione di ricerca e salvataggio \u00e8 attualmente in atto nel Mediterraneo settentrionale, dopo il capovolgimento di un traghetto che trasportava 267 persone, provocando purtroppo la morte di otto passeggeri. Il premier di Cipro del Nord, Unal Ustel, ha riferito che 23 persone risultano ancora disperse e l&#8217;intervento delle autorit\u00e0 competenti \u00e8 essenziale per chiarire le dinamiche dell&#8217;incidente.<\/p>\n<p>Il traghetto, chiamato Express, partito da Kyrenia (Girne) e diretto verso il porto turco di Tasucu, si \u00e8 rovesciato mentre era in navigazione, sollevando immagini drammatiche di passeggeri che cercavano disperatamente di indossare i giubbotti di salvataggio. Alcuni testimoni oculari hanno descritto scene di panico totale quando l&#8217;acqua ha iniziato a invadere la cabina del traghetto.<\/p>\n<p>Uno dei passeggeri salvati ha raccontato di aver sentito un&#8217;esplosione nella parte anteriore della nave, che ha spinto l&#8217;equipaggio a tentare di invertire la rotta mentre le finestre laterali esplodevano. La situazione \u00e8 precipitata quando la nave ha iniziato a imbarcare acqua.<\/p>\n<p>Il sopravvissuto, un uomo di circa 50 anni, ha riferito di aver trascorso un&#8217;ora e mezza in mare prima di essere recuperato. Durante questo tempo, ha assistito a scene di disperazione dove molte persone cercavano di fuggire dall&#8217;imbarcazione in preda al caos, non vedendo per\u00f2 il capitano gestire la situazione, dato che lui stesso sarebbe stato tra i primi ad abbandonare la nave.<\/p>\n<p>Un altro testimone, di trent&#8217;anni, ha affermato di aver informato il capitano riguardo a perdite d&#8217;acqua gi\u00e0 prima del rovesciamento. &#8220;I sedili iniziarono a galleggiare, il capitano continuava a navigare, e poi la prua esplose,&#8221; ha raccontato, testimoniando l&#8217;incertezze di quelle drammatiche fasi.<\/p>\n<p>Finora, oltre 200 persone sono state tratte in salvo, mentre le operazioni di ricerca e salvataggio proseguono. Solo pochi chilometri al largo della costa, l&#8217;imbarcazione ha cominciato a imbarcare acqua, per poi capovolgersi.<\/p>\n<p>Il primo ministro Unal Ustel ha descritto l&#8217;incidente come il &#8220;maggior disastro marittimo che Cipro abbia vissuto&#8221;. Ha confermato che il capitano della nave e sette membri dell&#8217;equipaggio sono stati trattenuti dalle autorit\u00e0 nell&#8217;ambito di un&#8217;indagine per accertare eventuali negligenze nella gestione dell&#8217;imbarcazione. &#8220;Questa tragedia sar\u00e0 esaminata in ogni dettaglio. Se ci sar\u00e0 anche solo la minima traccia di negligenza, sar\u00e0 rivelata. Chiunque sia responsabile sar\u00e0 chiamato a rispondere,&#8221; ha affermato Ustel.<\/p>\n<p>Tre imbarcazioni della guardia costiera e alcuni mezzi privati hanno risposto prontamente all&#8217;incidente, ma il numero esatto delle persone scomparse \u00e8 ancora incerto: circa 100 passeggeri non sono ancora stati rintracciati, secondo quanto riportato dal sindaco di Kyrenia, Murat Senkul, che ha descritto la situazione come &#8220;molto seria&#8221;.<\/p>\n<p>La catastrofe ha suscitato grande cordoglio anche in Turchia, dove il vicepresidente Cevdet Yilmaz ha espresso la sua profonda tristezza per l&#8217;accaduto e ha confermato che le operazioni di ricerca e salvataggio sono state avviate dalle unit\u00e0 della guardia costiera turca e dalle autorit\u00e0 competenti, continuando senza sosta.<\/p>\n<p>Il traghetto tipo catamarano che ha preso fuoco dopo aver imbarcato acqua al largo di Girne rappresenta ora un drammatico richiamo alla sicurezza marittima e alla necessit\u00e0 di indagare sui protocolli di navigazione per evitare futuri incidenti simili.<\/p>\n<p>La comunit\u00e0 internazionale osserva con attenzione gli sviluppi di questa tragica vicenda, rimanendo in attesa di maggiori informazioni e aggiornamenti dalle autorit\u00e0 locali e dai team di soccorso che continuano a lavorare instancabilmente per recuperare i dispersi e dare una risposta a quest&#8217;enorme tragedia.<\/p>\n<p>#leggoscandinavia<\/p>\n","protected":false},"excerpt":{"rendered":"<p>Operazione di salvataggio in corso dopo il rovesciamento di un&#8217;imbarcazione al largo di Cipro del Nord Un&#8217;imponente operazione di ricerca e salvataggio \u00e8 attualmente in atto nel Mediterraneo settentrionale, dopo il capovolgimento di un traghetto che trasportava 267 persone, provocando purtroppo la morte di otto passeggeri. Il premier di Cipro del Nord, Unal Ustel, ha [&hellip;]<\/p>\n","protected":false},"author":2,"featured_media":11424,"comment_status":"","ping_status":"","sticky":false,"template":"","format":"standard","meta":{"fifu_image_url":"https:\/\/www.leggoscandinavia.com\/wp-content\/uploads\/2026\/02\/leggoscandinavia-mondo038.jpg","fifu_image_alt":"","footnotes":""},"categories":[18],"tags":[774,12057,149,11009,1572,4404,84,12056,12055],"class_list":["post-11423","post","type-post","status-publish","format-standard","has-post-thumbnail","category-mondo","tag-capitano","tag-capovolto","tag-dopo","tag-equipaggio","tag-morte","tag-otto","tag-persone","tag-traghetto","tag-trattenuti"],"_links":{"self":[{"href":"https:\/\/www.leggoscandinavia.com\/index.php\/wp-json\/wp\/v2\/posts\/11423","targetHints":{"allow":["GET"]}}],"collection":[{"href":"https:\/\/www.leggoscandinavia.com\/index.php\/wp-json\/wp\/v2\/posts"}],"about":[{"href":"https:\/\/www.leggoscandinavia.com\/index.php\/wp-json\/wp\/v2\/types\/post"}],"author":[{"embeddable":true,"href":"https:\/\/www.leggoscandinavia.com\/index.php\/wp-json\/wp\/v2\/users\/2"}],"replies":[{"embeddable":true,"href":"https:\/\/www.leggoscandinavia.com\/index.php\/wp-json\/wp\/v2\/comments?post=11423"}],"version-history":[{"count":0,"href":"https:\/\/www.leggoscandinavia.com\/index.php\/wp-json\/wp\/v2\/posts\/11423\/revisions"}],"wp:featuredmedia":[{"embeddable":true,"href":"https:\/\/www.leggoscandinavia.com\/index.php\/wp-json\/wp\/v2\/media\/11424"}],"wp:attachment":[{"href":"https:\/\/www.leggoscandinavia.com\/index.php\/wp-json\/wp\/v2\/media?parent=11423"}],"wp:term":[{"taxonomy":"category","embeddable":true,"href":"https:\/\/www.leggoscandinavia.com\/index.php\/wp-json\/wp\/v2\/categories?post=11423"},{"taxonomy":"post_tag","embeddable":true,"href":"https:\/\/www.leggoscandinavia.com\/index.php\/wp-json\/wp\/v2\/tags?post=11423"}],"curies":[{"name":"wp","href":"https:\/\/api.w.org\/{rel}","templated":true}]}}