{"id":11411,"date":"2026-08-30T13:00:00","date_gmt":"2026-08-30T11:00:00","guid":{"rendered":"https:\/\/www.leggoscandinavia.com\/index.php\/2026\/08\/30\/reykjavik-ha-detto-si-ma-gran-parte-del-paese-ha-detto-no-al-referendum-dellue\/"},"modified":"2026-08-30T13:00:00","modified_gmt":"2026-08-30T11:00:00","slug":"reykjavik-ha-detto-si-ma-gran-parte-del-paese-ha-detto-no-al-referendum-dellue","status":"publish","type":"post","link":"https:\/\/www.leggoscandinavia.com\/index.php\/2026\/08\/30\/reykjavik-ha-detto-si-ma-gran-parte-del-paese-ha-detto-no-al-referendum-dellue\/","title":{"rendered":"Reykjav\u00edk ha detto s\u00ec, ma gran parte del paese ha detto no al referendum dell&#8217;UE"},"content":{"rendered":"<p><strong>Il referendum dell&#8217;Islanda sull&#8217;UE: una netta divisione geografica tra Reykjav\u00edk e il resto del paese<\/strong><\/p>\n<p>Il recente referendum sull&#8217;adesione dell&#8217;Islanda all&#8217;Unione Europea ha messo in luce una marcata divisione geografica tra la capitale Reykjav\u00edk e gran parte del resto del paese. I risultati finali hanno rivelato un significativo contrasto nelle scelte elettorali delle diverse regioni, segnando una frattura non solo nelle opinioni ma anche nelle preoccupazioni locali.<\/p>\n<p>Nelle circoscrizioni di Reykjav\u00edk, i risultati sono stati chiari: il 57,5% degli elettori di Reykjav\u00edk Nord ha votato s\u00ec e il 54,5% di Reykjav\u00edk Sud ha espresso lo stesso parere favorevole. Tuttavia, nella regione del Nord-Ovest, il voto \u00e8 stato contrario, con il 62,9% degli elettori che ha scelto di bocciare la proposta, mentre nel Sud il No ha raggiunto il 60,5%. Questi risultati mostrano come la capitale e le aree rurali abbiano visioni diametralmente opposte sulla questione dell&#8217;adesione all&#8217;UE.<\/p>\n<p>In generale, i risultati finali del referendum indicano che il 52,8% degli elettori hanno scelto di non proseguire nelle trattative per l&#8217;adesione all&#8217;Unione Europea, mentre il 47,2% ha votato per riprendere i negoziati. Questo margine ristretta suggerisce una nazione divisa, ma il significato dietro questi numeri va oltre una semplice contabilit\u00e0 elettorale.<\/p>\n<p><strong>Due mappe elettorali diverse<\/strong><\/p>\n<p>Il contrasto pi\u00f9 forte emerso dal voto \u00e8 di natura geografica. Le circoscrizioni di Reykjav\u00edk, nonostante la loro vicinanza al potere politico e alle istituzioni, hanno mostrato una propensione verso la ripresa dei negoziati per l&#8217;adesione all&#8217;UE. Al contrario, il voto negativo nelle regioni rurali del Nord-Ovest e del Sud riflette una diffusa resistenza all&#8217;integrazione europea, spesso radicata in preoccupazioni specifiche relative all&#8217;agricoltura, alla pesca e al controllo delle risorse naturali.<\/p>\n<p>Queste preoccupazioni hanno gi\u00e0 fatto capolino in altri dibattiti politici, dimostrando come l&#8217;agricoltura islandese sia fortemente concentrata in settori produttivi specifici, il che ha influenzato le opinioni degli elettori. La rivista Iceland Review ha recentemente riportato come gli aiuti all&#8217;agricoltura siano distribuiti in modo diseguale, lasciando alcune aree pi\u00f9 vulnerabili alle fluttuazioni economiche e alle politiche europee.<\/p>\n<p>Durante la campagna referendaria, le diverse preoccupazioni sollevate dai cittadini di Reykjav\u00edk e dal resto del paese sono diventate evidenti. Nella capitale, molti elettori sono pi\u00f9 inclini a considerare i benefici economici e le opportunit\u00e0 che l&#8217;adesione all&#8217;UE potrebbe portare, mentre nelle aree rurali, il timore di perdere il controllo sulle risorse locali ha prevalso nel dibattito pubblico.<\/p>\n<p><strong>Cosa significa tutto questo?<\/strong><\/p>\n<p>Queste dinamiche rivelano una societ\u00e0 islandese complessa, in cui la geografia e l&#8217;economia giocano un ruolo cruciale nel plasmare le opinioni politiche. La frattura emersa dal referendum non deve essere interpretata semplicemente come una divisione tra favorevoli e contrari all&#8217;UE, ma come un riflesso di una variet\u00e0 di interessi e preoccupazioni che variano notevolmente a seconda della localizzazione geografica.<\/p>\n<p>In conclusione, mentre Reykjav\u00edk ha votato prevalentemente a favore dell&#8217;UE, le regioni pi\u00f9 remote hanno sollevato la voce del dissenso, evidenziando la necessit\u00e0 di un dialogo pi\u00f9 profondo sulle questioni che colpiscono la vita quotidiana degli islandesi. Le legislazioni future e le politiche governative dovranno considerare queste differenze significative per promuovere un clima di coesione sociale e politica.<\/p>\n<p>Per ulteriori approfondimenti sulla societ\u00e0, la politica, l&#8217;economia e la cultura islandese, vi invitiamo a visitare Iceland Review News, dove troverete le ultime novit\u00e0 e articoli di approfondimento.<\/p>\n<p>Il referendum sull&#8217;adesione dell&#8217;Islanda all&#8217;Unione Europea ha quindi rappresentato non solo una battaglia politica, ma anche una riflessione sulle diversit\u00e0 e sulle sfide che il paese deve affrontare nel futuro.<\/p>\n<p>#leggoscandinavia<\/p>\n","protected":false},"excerpt":{"rendered":"<p>Il referendum dell&#8217;Islanda sull&#8217;UE: una netta divisione geografica tra Reykjav\u00edk e il resto del paese Il recente referendum sull&#8217;adesione dell&#8217;Islanda all&#8217;Unione Europea ha messo in luce una marcata divisione geografica tra la capitale Reykjav\u00edk e gran parte del resto del paese. I risultati finali hanno rivelato un significativo contrasto nelle scelte elettorali delle diverse regioni, [&hellip;]<\/p>\n","protected":false},"author":2,"featured_media":11412,"comment_status":"","ping_status":"","sticky":false,"template":"","format":"standard","meta":{"fifu_image_url":"https:\/\/www.leggoscandinavia.com\/wp-content\/uploads\/2026\/02\/leggoscandinavia-reykjavik045.jpg","fifu_image_alt":"","footnotes":""},"categories":[6],"tags":[226,564,5036,1597,2106,1562,450,573,9051],"class_list":["post-11411","post","type-post","status-publish","format-standard","has-post-thumbnail","category-reykjavik","tag-del","tag-dellue","tag-detto","tag-gran","tag-paese","tag-parte","tag-referendum","tag-reykjavik","tag-si"],"_links":{"self":[{"href":"https:\/\/www.leggoscandinavia.com\/index.php\/wp-json\/wp\/v2\/posts\/11411","targetHints":{"allow":["GET"]}}],"collection":[{"href":"https:\/\/www.leggoscandinavia.com\/index.php\/wp-json\/wp\/v2\/posts"}],"about":[{"href":"https:\/\/www.leggoscandinavia.com\/index.php\/wp-json\/wp\/v2\/types\/post"}],"author":[{"embeddable":true,"href":"https:\/\/www.leggoscandinavia.com\/index.php\/wp-json\/wp\/v2\/users\/2"}],"replies":[{"embeddable":true,"href":"https:\/\/www.leggoscandinavia.com\/index.php\/wp-json\/wp\/v2\/comments?post=11411"}],"version-history":[{"count":0,"href":"https:\/\/www.leggoscandinavia.com\/index.php\/wp-json\/wp\/v2\/posts\/11411\/revisions"}],"wp:featuredmedia":[{"embeddable":true,"href":"https:\/\/www.leggoscandinavia.com\/index.php\/wp-json\/wp\/v2\/media\/11412"}],"wp:attachment":[{"href":"https:\/\/www.leggoscandinavia.com\/index.php\/wp-json\/wp\/v2\/media?parent=11411"}],"wp:term":[{"taxonomy":"category","embeddable":true,"href":"https:\/\/www.leggoscandinavia.com\/index.php\/wp-json\/wp\/v2\/categories?post=11411"},{"taxonomy":"post_tag","embeddable":true,"href":"https:\/\/www.leggoscandinavia.com\/index.php\/wp-json\/wp\/v2\/tags?post=11411"}],"curies":[{"name":"wp","href":"https:\/\/api.w.org\/{rel}","templated":true}]}}