{"id":11331,"date":"2026-08-29T14:03:00","date_gmt":"2026-08-29T12:03:00","guid":{"rendered":"https:\/\/www.leggoscandinavia.com\/index.php\/2026\/08\/29\/modifiche-alla-circolazione-dei-tram-domenica\/"},"modified":"2026-08-29T14:03:00","modified_gmt":"2026-08-29T12:03:00","slug":"modifiche-alla-circolazione-dei-tram-domenica","status":"publish","type":"post","link":"https:\/\/www.leggoscandinavia.com\/index.php\/2026\/08\/29\/modifiche-alla-circolazione-dei-tram-domenica\/","title":{"rendered":"Modifiche alla circolazione dei tram domenica"},"content":{"rendered":"<p><strong>Modifiche al Trasporto Pubblico in occasione della Cerimonia Funebre ad Oslo<\/strong><\/p>\n<p>In occasione della cerimonia funebre che si svolger\u00e0 nella Cattedrale di Oslo questa domenica, la zona di Stortorvet sar\u00e0 chiusa a tutte le linee di tram. Questa chiusura porter\u00e0 a significative modifiche per le linee di tram 17, 18 e 19, che saranno interessate da variazioni di percorso e orari.<\/p>\n<p>La chiusura di Stortorvet \u00e8 una misura necessaria per garantire la sicurezza dei partecipanti alla cerimonia e per permettere un corretto svolgimento dell&#8217;evento. Le modifiche al servizio di tram avranno inizio dalle ore 09:00 fino alle 13:00, creando disagi ai pendolari e ai turisti che si muovono nella zona durante quel periodo.<\/p>\n<p>Knut-Martin L\u00f8ken, portavoce di Ruter, ha rilasciato una dichiarazione ad Avisa Oslo, avvisando i viaggiatori della situazione. Ha sottolineato che, date le circostanze attuali, \u00e8 possibile che ci siano ulteriori cambiamenti nel servizio di trasporto pubblico anche con breve preavviso. &#8220;Invitiamo i nostri passeggeri a prestare attenzione agli aggiornamenti, a pianificare il loro viaggio con anticipo e a prendersi cura l&#8217;uno dell&#8217;altro&#8221;, ha aggiunto L\u00f8ken.<\/p>\n<p>Questa comunicazione \u00e8 fondamentale per garantire che i cittadini e i turisti possano adattarsi alle nuove disposizioni di trasporto e che non ci siano inconvenienti imprevisti. In momenti come questo, la collaborazione tra i vari servizi di trasporto e la popolazione \u00e8 essenziale per gestire al meglio le situazioni emergenziali e rispettare gli eventi di grande significato pubblico.<\/p>\n<p>In particolare, per chi utilizza quotidianamente il tram per motivi di lavoro o studio, \u00e8 importante considerare percorsi alternativi. Se possibile, si consiglia di utilizzare altre forme di trasporto pubblico, come metro o autobus, che potrebbero avere deviazioni ma che potrebbero comunque facilitare gli spostamenti nella citt\u00e0. Inoltre, comunicazioni in tempo reale sulle variazioni di servizio saranno fornite attraverso i vari canali ufficiali di Ruter, che continuer\u00e0 a informare la cittadinanza su eventuali aggiornamenti e modifiche ai percorsi preannunciati.<\/p>\n<p>Il rispetto delle normative sul trasporto pubblico durante eventi di questa natura \u00e8 cruciale non solo per la fluidit\u00e0 del servizio, ma anche per garantire la sicurezza di tutti i partecipanti. Soprattutto in un contesto di grande raccolta pubblica, \u00e8 fondamentale che tutti seguano le indicazioni fornite e mantengano comportamenti responsabili. La cerimonia funebre rappresenta un momento di riflessione e di rispetto per chi ha perso una persona cara, e la gestione del trasporto pubblico avr\u00e0 un ruolo importante in questo.<\/p>\n<p>In conclusione, se si prevede di viaggiare nella zona di Stortorvet domenica mattina, \u00e8 consigliato rimanere aggiornati sulle eventuali variazioni nel servizio di trasporto e pianificare in anticipo il proprio percorso. La prudenza e la tempestivit\u00e0 nel seguire le indicazioni che verranno fornite da Ruter possono scaturire in una maggiore facilit\u00e0 nel raggiungere la propria destinazione con il minor disagio possibile. <\/p>\n<p>Sia che si tratti di partecipare alla cerimonia, di recarsi al lavoro o di svolgere altre attivit\u00e0 in citt\u00e0, occorre prestare attenzione alle dinamiche del trasporto pubblico attorno alla cattedrale e in tutta Oslo, affinch\u00e9 la giornata si svolga nel migliore dei modi e con il giusto rispetto per il momento solenne che si vivr\u00e0.<\/p>\n<p>#leggoscandinavia<\/p>\n","protected":false},"excerpt":{"rendered":"<p>Modifiche al Trasporto Pubblico in occasione della Cerimonia Funebre ad Oslo In occasione della cerimonia funebre che si svolger\u00e0 nella Cattedrale di Oslo questa domenica, la zona di Stortorvet sar\u00e0 chiusa a tutte le linee di tram. Questa chiusura porter\u00e0 a significative modifiche per le linee di tram 17, 18 e 19, che saranno interessate [&hellip;]<\/p>\n","protected":false},"author":2,"featured_media":11332,"comment_status":"","ping_status":"","sticky":false,"template":"","format":"standard","meta":{"fifu_image_url":"https:\/\/www.leggoscandinavia.com\/wp-content\/uploads\/2026\/02\/leggoscandinavia-oslo021.jpg","fifu_image_alt":"","footnotes":""},"categories":[5],"tags":[36,4276,223,2366,2110,1230],"class_list":["post-11331","post","type-post","status-publish","format-standard","has-post-thumbnail","category-oslo","tag-alla","tag-circolazione","tag-dei","tag-domenica","tag-modifiche","tag-tram"],"_links":{"self":[{"href":"https:\/\/www.leggoscandinavia.com\/index.php\/wp-json\/wp\/v2\/posts\/11331","targetHints":{"allow":["GET"]}}],"collection":[{"href":"https:\/\/www.leggoscandinavia.com\/index.php\/wp-json\/wp\/v2\/posts"}],"about":[{"href":"https:\/\/www.leggoscandinavia.com\/index.php\/wp-json\/wp\/v2\/types\/post"}],"author":[{"embeddable":true,"href":"https:\/\/www.leggoscandinavia.com\/index.php\/wp-json\/wp\/v2\/users\/2"}],"replies":[{"embeddable":true,"href":"https:\/\/www.leggoscandinavia.com\/index.php\/wp-json\/wp\/v2\/comments?post=11331"}],"version-history":[{"count":0,"href":"https:\/\/www.leggoscandinavia.com\/index.php\/wp-json\/wp\/v2\/posts\/11331\/revisions"}],"wp:featuredmedia":[{"embeddable":true,"href":"https:\/\/www.leggoscandinavia.com\/index.php\/wp-json\/wp\/v2\/media\/11332"}],"wp:attachment":[{"href":"https:\/\/www.leggoscandinavia.com\/index.php\/wp-json\/wp\/v2\/media?parent=11331"}],"wp:term":[{"taxonomy":"category","embeddable":true,"href":"https:\/\/www.leggoscandinavia.com\/index.php\/wp-json\/wp\/v2\/categories?post=11331"},{"taxonomy":"post_tag","embeddable":true,"href":"https:\/\/www.leggoscandinavia.com\/index.php\/wp-json\/wp\/v2\/tags?post=11331"}],"curies":[{"name":"wp","href":"https:\/\/api.w.org\/{rel}","templated":true}]}}